{"id":27691,"date":"2021-03-16T17:19:21","date_gmt":"2021-03-16T16:19:21","guid":{"rendered":"https:\/\/awo-fulda.de\/?p=27691"},"modified":"2022-02-08T12:32:13","modified_gmt":"2022-02-08T11:32:13","slug":"station-7-awo-jugendwerk","status":"publish","type":"post","link":"https:\/\/awo-fulda.de\/tr\/2021\/03\/16\/station-7-awo-jugendwerk\/","title":{"rendered":"7. \u0130stasyon"},"content":{"rendered":"<h3><span style=\"text-decoration: underline; color: #b00909;\">Lindenstra\u00dfe 2 <\/span><\/h3>\n<table style=\"border-collapse: collapse; width: 100%;\">\n<tbody>\n<tr>\n<td style=\"width: 50%;\"><a class=\"dt-pswp-item\" href=\"https:\/\/awo-fulda.de\/wp-content\/uploads\/2021\/03\/Cafe-Panama.jpg\" data-dt-img-description=\"\" data-large_image_width=\"1600\" data-large_image_height=\"1200\"><img loading=\"lazy\" decoding=\"async\" class=\"alignnone size-full wp-image-27476\" src=\"https:\/\/awo-fulda.de\/wp-content\/uploads\/2021\/03\/Cafe-Panama.jpg\" alt=\"\" width=\"1600\" height=\"1200\" srcset=\"https:\/\/awo-fulda.de\/wp-content\/uploads\/2021\/03\/Cafe-Panama.jpg 1600w, https:\/\/awo-fulda.de\/wp-content\/uploads\/2021\/03\/Cafe-Panama-480x360.jpg 480w, https:\/\/awo-fulda.de\/wp-content\/uploads\/2021\/03\/Cafe-Panama-640x480.jpg 640w, https:\/\/awo-fulda.de\/wp-content\/uploads\/2021\/03\/Cafe-Panama-768x576.jpg 768w, https:\/\/awo-fulda.de\/wp-content\/uploads\/2021\/03\/Cafe-Panama-1536x1152.jpg 1536w\" sizes=\"auto, (max-width: 1600px) 100vw, 1600px\" \/><\/a><\/td>\n<td style=\"width: 50%;\"><a class=\"dt-pswp-item\" href=\"https:\/\/awo-fulda.de\/wp-content\/uploads\/2021\/03\/IMG_0688-scaled.jpg\" data-dt-img-description=\"\" data-large_image_width=\"2560\" data-large_image_height=\"1920\"><img loading=\"lazy\" decoding=\"async\" class=\"alignnone size-full wp-image-27477\" src=\"https:\/\/awo-fulda.de\/wp-content\/uploads\/2021\/03\/IMG_0688-scaled.jpg\" alt=\"\" width=\"2560\" height=\"1920\" srcset=\"https:\/\/awo-fulda.de\/wp-content\/uploads\/2021\/03\/IMG_0688-scaled.jpg 2560w, https:\/\/awo-fulda.de\/wp-content\/uploads\/2021\/03\/IMG_0688-480x360.jpg 480w, https:\/\/awo-fulda.de\/wp-content\/uploads\/2021\/03\/IMG_0688-640x480.jpg 640w, https:\/\/awo-fulda.de\/wp-content\/uploads\/2021\/03\/IMG_0688-768x576.jpg 768w, https:\/\/awo-fulda.de\/wp-content\/uploads\/2021\/03\/IMG_0688-1536x1152.jpg 1536w, https:\/\/awo-fulda.de\/wp-content\/uploads\/2021\/03\/IMG_0688-2048x1536.jpg 2048w\" sizes=\"auto, (max-width: 2560px) 100vw, 2560px\" \/><\/a><\/td>\n<\/tr>\n<\/tbody>\n<\/table>\n<p>L14zwo k\u00fclt\u00fcrel merkez gibi. 20 y\u0131ldan fazlad\u0131r AWO\u2019nun gen\u00e7lik at\u00f6lyesinin kendi k\u00f6\u015fesi, \u201cL14\u201c, Langebr\u00fcckenstra\u00dfe 14\u2019de var. B\u00f6lge dernek ofisi de 2000-2013 aras\u0131 oradayd\u0131 (\u015fimdi Frankfurter Stra\u00dfe 28). Bir in\u015faat projesinden dolay\u0131, 2018\u2019de Jugendwerk ve ona ba\u011fl\u0131 di\u011fer inisiyatifler Lindenstra\u00dfe 2\u2019e ta\u015f\u0131nmak zorunda kald\u0131. Ta\u015f\u0131nmada 20\u2019den fazla grup ve dernek vard\u0131. Gen\u00e7lere y\u00f6nelik bo\u015f zaman etkinlikleri ile AWO gelene\u011fi burada devam ettirildi.<\/p>\n<table style=\"border-collapse: collapse; width: 99.8438%;\">\n<tbody>\n<tr>\n<td style=\"width: 50%;\"><a class=\"dt-pswp-item\" href=\"https:\/\/awo-fulda.de\/wp-content\/uploads\/2021\/03\/7_Zeltlager-scaled.jpg\" data-dt-img-description=\"\" data-large_image_width=\"2560\" data-large_image_height=\"1662\"><img loading=\"lazy\" decoding=\"async\" class=\"alignnone size-full wp-image-27475\" src=\"https:\/\/awo-fulda.de\/wp-content\/uploads\/2021\/03\/7_Zeltlager-scaled.jpg\" alt=\"\" width=\"2560\" height=\"1662\" srcset=\"https:\/\/awo-fulda.de\/wp-content\/uploads\/2021\/03\/7_Zeltlager-scaled.jpg 2560w, https:\/\/awo-fulda.de\/wp-content\/uploads\/2021\/03\/7_Zeltlager-480x312.jpg 480w, https:\/\/awo-fulda.de\/wp-content\/uploads\/2021\/03\/7_Zeltlager-640x416.jpg 640w, https:\/\/awo-fulda.de\/wp-content\/uploads\/2021\/03\/7_Zeltlager-768x499.jpg 768w, https:\/\/awo-fulda.de\/wp-content\/uploads\/2021\/03\/7_Zeltlager-1536x997.jpg 1536w, https:\/\/awo-fulda.de\/wp-content\/uploads\/2021\/03\/7_Zeltlager-2048x1330.jpg 2048w\" sizes=\"auto, (max-width: 2560px) 100vw, 2560px\" \/><\/a><\/td>\n<td style=\"width: 49.8438%;\"><a class=\"dt-pswp-item\" href=\"https:\/\/awo-fulda.de\/wp-content\/uploads\/2021\/03\/7_Zeltlager-Huette-scaled.jpg\" data-dt-img-description=\"\" data-large_image_width=\"2560\" data-large_image_height=\"1653\"><img loading=\"lazy\" decoding=\"async\" class=\"alignnone size-full wp-image-27474\" src=\"https:\/\/awo-fulda.de\/wp-content\/uploads\/2021\/03\/7_Zeltlager-Huette-scaled.jpg\" alt=\"\" width=\"2560\" height=\"1653\" srcset=\"https:\/\/awo-fulda.de\/wp-content\/uploads\/2021\/03\/7_Zeltlager-Huette-scaled.jpg 2560w, https:\/\/awo-fulda.de\/wp-content\/uploads\/2021\/03\/7_Zeltlager-Huette-480x310.jpg 480w, https:\/\/awo-fulda.de\/wp-content\/uploads\/2021\/03\/7_Zeltlager-Huette-640x413.jpg 640w, https:\/\/awo-fulda.de\/wp-content\/uploads\/2021\/03\/7_Zeltlager-Huette-768x496.jpg 768w, https:\/\/awo-fulda.de\/wp-content\/uploads\/2021\/03\/7_Zeltlager-Huette-1536x992.jpg 1536w, https:\/\/awo-fulda.de\/wp-content\/uploads\/2021\/03\/7_Zeltlager-Huette-2048x1323.jpg 2048w\" sizes=\"auto, (max-width: 2560px) 100vw, 2560px\" \/><\/a><\/td>\n<\/tr>\n<tr>\n<td style=\"width: 50%;\"><a class=\"dt-pswp-item\" href=\"https:\/\/awo-fulda.de\/wp-content\/uploads\/2021\/03\/4_Flohmarkt-scaled.jpg\" data-dt-img-description=\"\" data-large_image_width=\"2560\" data-large_image_height=\"1878\"><img loading=\"lazy\" decoding=\"async\" class=\"alignnone size-full wp-image-27451\" src=\"https:\/\/awo-fulda.de\/wp-content\/uploads\/2021\/03\/4_Flohmarkt-scaled.jpg\" alt=\"\" width=\"2560\" height=\"1878\" srcset=\"https:\/\/awo-fulda.de\/wp-content\/uploads\/2021\/03\/4_Flohmarkt-scaled.jpg 2560w, https:\/\/awo-fulda.de\/wp-content\/uploads\/2021\/03\/4_Flohmarkt-480x352.jpg 480w, https:\/\/awo-fulda.de\/wp-content\/uploads\/2021\/03\/4_Flohmarkt-640x469.jpg 640w, https:\/\/awo-fulda.de\/wp-content\/uploads\/2021\/03\/4_Flohmarkt-768x563.jpg 768w, https:\/\/awo-fulda.de\/wp-content\/uploads\/2021\/03\/4_Flohmarkt-1536x1127.jpg 1536w, https:\/\/awo-fulda.de\/wp-content\/uploads\/2021\/03\/4_Flohmarkt-2048x1502.jpg 2048w\" sizes=\"auto, (max-width: 2560px) 100vw, 2560px\" \/><\/a><\/td>\n<td style=\"width: 49.8438%;\"><a class=\"dt-pswp-item\" href=\"https:\/\/awo-fulda.de\/wp-content\/uploads\/2021\/03\/4_Flohmarkt-Karstadt-scaled.jpg\" data-dt-img-description=\"\" data-large_image_width=\"2560\" data-large_image_height=\"1920\"><img loading=\"lazy\" decoding=\"async\" class=\"alignnone size-full wp-image-27450\" src=\"https:\/\/awo-fulda.de\/wp-content\/uploads\/2021\/03\/4_Flohmarkt-Karstadt-scaled.jpg\" alt=\"\" width=\"2560\" height=\"1920\" srcset=\"https:\/\/awo-fulda.de\/wp-content\/uploads\/2021\/03\/4_Flohmarkt-Karstadt-scaled.jpg 2560w, https:\/\/awo-fulda.de\/wp-content\/uploads\/2021\/03\/4_Flohmarkt-Karstadt-480x360.jpg 480w, https:\/\/awo-fulda.de\/wp-content\/uploads\/2021\/03\/4_Flohmarkt-Karstadt-640x480.jpg 640w, https:\/\/awo-fulda.de\/wp-content\/uploads\/2021\/03\/4_Flohmarkt-Karstadt-768x576.jpg 768w, https:\/\/awo-fulda.de\/wp-content\/uploads\/2021\/03\/4_Flohmarkt-Karstadt-1536x1152.jpg 1536w, https:\/\/awo-fulda.de\/wp-content\/uploads\/2021\/03\/4_Flohmarkt-Karstadt-2048x1536.jpg 2048w\" sizes=\"auto, (max-width: 2560px) 100vw, 2560px\" \/><\/a><\/td>\n<\/tr>\n<tr>\n<td style=\"width: 50%;\"><a class=\"dt-pswp-item\" href=\"https:\/\/awo-fulda.de\/wp-content\/uploads\/2021\/03\/IMG_0880-scaled.jpg\" data-dt-img-description=\"\" data-large_image_width=\"2560\" data-large_image_height=\"1829\"><img loading=\"lazy\" decoding=\"async\" class=\"alignnone size-full wp-image-27612\" src=\"https:\/\/awo-fulda.de\/wp-content\/uploads\/2021\/03\/IMG_0880-scaled.jpg\" alt=\"\" width=\"2560\" height=\"1829\" srcset=\"https:\/\/awo-fulda.de\/wp-content\/uploads\/2021\/03\/IMG_0880-scaled.jpg 2560w, https:\/\/awo-fulda.de\/wp-content\/uploads\/2021\/03\/IMG_0880-480x343.jpg 480w, https:\/\/awo-fulda.de\/wp-content\/uploads\/2021\/03\/IMG_0880-640x457.jpg 640w, https:\/\/awo-fulda.de\/wp-content\/uploads\/2021\/03\/IMG_0880-768x549.jpg 768w, https:\/\/awo-fulda.de\/wp-content\/uploads\/2021\/03\/IMG_0880-1536x1097.jpg 1536w, https:\/\/awo-fulda.de\/wp-content\/uploads\/2021\/03\/IMG_0880-2048x1463.jpg 2048w\" sizes=\"auto, (max-width: 2560px) 100vw, 2560px\" \/><\/a><\/td>\n<td style=\"width: 49.8438%;\"><a class=\"dt-pswp-item\" href=\"https:\/\/awo-fulda.de\/wp-content\/uploads\/2021\/03\/7_Tierpark-scaled.jpg\" data-dt-img-description=\"\" data-large_image_width=\"2560\" data-large_image_height=\"1867\"><img loading=\"lazy\" decoding=\"async\" class=\"wp-image-27473 aligncenter\" src=\"https:\/\/awo-fulda.de\/wp-content\/uploads\/2021\/03\/7_Tierpark-scaled.jpg\" alt=\"\" width=\"823\" height=\"600\" srcset=\"https:\/\/awo-fulda.de\/wp-content\/uploads\/2021\/03\/7_Tierpark-scaled.jpg 2560w, https:\/\/awo-fulda.de\/wp-content\/uploads\/2021\/03\/7_Tierpark-480x350.jpg 480w, https:\/\/awo-fulda.de\/wp-content\/uploads\/2021\/03\/7_Tierpark-640x467.jpg 640w, https:\/\/awo-fulda.de\/wp-content\/uploads\/2021\/03\/7_Tierpark-768x560.jpg 768w, https:\/\/awo-fulda.de\/wp-content\/uploads\/2021\/03\/7_Tierpark-1536x1120.jpg 1536w, https:\/\/awo-fulda.de\/wp-content\/uploads\/2021\/03\/7_Tierpark-2048x1493.jpg 2048w\" sizes=\"auto, (max-width: 823px) 100vw, 823px\" \/><\/a><\/td>\n<\/tr>\n<tr>\n<td style=\"width: 99.8438%;\" colspan=\"2\"><\/td>\n<\/tr>\n<tr>\n<td style=\"width: 50%;\"><\/td>\n<td style=\"width: 49.8438%;\"><\/td>\n<\/tr>\n<\/tbody>\n<\/table>\n","protected":false},"excerpt":{"rendered":"<p>Lindenstra\u00dfe 2 L14zwo k\u00fclt\u00fcrel merkez gibi. 20 y\u0131ldan fazlad\u0131r AWO\u2019nun gen\u00e7lik at\u00f6lyesinin kendi k\u00f6\u015fesi, \u201cL14\u201c, Langebr\u00fcckenstra\u00dfe 14\u2019de var. B\u00f6lge dernek ofisi de 2000-2013 aras\u0131 oradayd\u0131 (\u015fimdi Frankfurter Stra\u00dfe 28). Bir&hellip;<\/p>\n","protected":false},"author":10,"featured_media":27476,"comment_status":"closed","ping_status":"closed","sticky":false,"template":"","format":"standard","meta":{"_editorskit_title_hidden":false,"_editorskit_reading_time":0,"_editorskit_is_block_options_detached":false,"_editorskit_block_options_position":"{}","footnotes":""},"categories":[130],"tags":[],"class_list":["post-27691","post","type-post","status-publish","format-standard","has-post-thumbnail","hentry","category-geocaching","category-130","description-off"],"translation":{"provider":"WPGlobus","version":"3.0.2","language":"tr","enabled_languages":["de","en","fr","ru","ar","tr","fa"],"languages":{"de":{"title":true,"content":true,"excerpt":false},"en":{"title":true,"content":true,"excerpt":false},"fr":{"title":true,"content":true,"excerpt":false},"ru":{"title":true,"content":true,"excerpt":false},"ar":{"title":true,"content":true,"excerpt":false},"tr":{"title":true,"content":true,"excerpt":false},"fa":{"title":false,"content":false,"excerpt":false}}},"_links":{"self":[{"href":"https:\/\/awo-fulda.de\/tr\/wp-json\/wp\/v2\/posts\/27691","targetHints":{"allow":["GET"]}}],"collection":[{"href":"https:\/\/awo-fulda.de\/tr\/wp-json\/wp\/v2\/posts"}],"about":[{"href":"https:\/\/awo-fulda.de\/tr\/wp-json\/wp\/v2\/types\/post"}],"author":[{"embeddable":true,"href":"https:\/\/awo-fulda.de\/tr\/wp-json\/wp\/v2\/users\/10"}],"replies":[{"embeddable":true,"href":"https:\/\/awo-fulda.de\/tr\/wp-json\/wp\/v2\/comments?post=27691"}],"version-history":[{"count":14,"href":"https:\/\/awo-fulda.de\/tr\/wp-json\/wp\/v2\/posts\/27691\/revisions"}],"predecessor-version":[{"id":103968,"href":"https:\/\/awo-fulda.de\/tr\/wp-json\/wp\/v2\/posts\/27691\/revisions\/103968"}],"wp:featuredmedia":[{"embeddable":true,"href":"https:\/\/awo-fulda.de\/tr\/wp-json\/wp\/v2\/media\/27476"}],"wp:attachment":[{"href":"https:\/\/awo-fulda.de\/tr\/wp-json\/wp\/v2\/media?parent=27691"}],"wp:term":[{"taxonomy":"category","embeddable":true,"href":"https:\/\/awo-fulda.de\/tr\/wp-json\/wp\/v2\/categories?post=27691"},{"taxonomy":"post_tag","embeddable":true,"href":"https:\/\/awo-fulda.de\/tr\/wp-json\/wp\/v2\/tags?post=27691"}],"curies":[{"name":"wp","href":"https:\/\/api.w.org\/{rel}","templated":true}]}}