{"id":140755,"date":"2025-07-31T15:18:58","date_gmt":"2025-07-31T13:18:58","guid":{"rendered":"https:\/\/awo-fulda.de\/?p=140755"},"modified":"2025-07-31T15:19:02","modified_gmt":"2025-07-31T13:19:02","slug":"awo-goes-herzberg-erste-teilnahme-am-herzberg-festival-2025","status":"publish","type":"post","link":"https:\/\/awo-fulda.de\/ru\/2025\/07\/31\/awo-goes-herzberg-erste-teilnahme-am-herzberg-festival-2025\/","title":{"rendered":"AWO goes Herzberg: Erste Teilnahme am Herzberg Festival 2025"},"content":{"rendered":"\n<div class=\"html-div xdj266r x14z9mp xat24cr x1lziwak xexx8yu xyri2b x18d9i69 x1c1uobl\" dir=\"auto\">\n<div class=\"html-div xdj266r x14z9mp xat24cr x1lziwak xexx8yu xyri2b x18d9i69 x1c1uobl\" data-ad-rendering-role=\"story_message\">\n<div id=\"_R_lanamladbaammjabiqapapd5aqH2_\" class=\"x1l90r2v x1iorvi4 x1g0dm76 xpdmqnj\" data-ad-comet-preview=\"message\" data-ad-preview=\"message\">\n<div class=\"x78zum5 xdt5ytf xz62fqu x16ldp7u\">\n<div class=\"xu06os2 x1ok221b\">\n<div class=\"html-div xdj266r x14z9mp xat24cr x1lziwak xexx8yu xyri2b x18d9i69 x1c1uobl\">\n<div class=\"xdj266r x14z9mp xat24cr x1lziwak x1vvkbs x126k92a\">\n<div dir=\"auto\">\n<table style=\"width: 100%; border-collapse: collapse; border-style: hidden;\">\n<tbody>\n<tr>\n<td style=\"width: 33.3333%;\"><img loading=\"lazy\" decoding=\"async\" src=\"https:\/\/awo-fulda.de\/wp-content\/uploads\/2025\/07\/20250727_172411-scaled.jpg\" alt=\"\" width=\"2560\" height=\"1196\" \/><\/td>\n<td style=\"width: 33.3333%;\"><img decoding=\"async\" src=\"https:\/\/awo-fulda.de\/wp-content\/uploads\/2025\/07\/IMG_20250724_115007-scaled.jpg\" alt=\"\" \/><\/td>\n<td style=\"width: 33.3333%;\"><img decoding=\"async\" src=\"https:\/\/awo-fulda.de\/wp-content\/uploads\/2025\/07\/20250724_163710-scaled.jpg\" alt=\"\" \/><\/td>\n<\/tr>\n<\/tbody>\n<\/table>\n<\/div>\n<\/div>\n<div class=\"x14z9mp xat24cr x1lziwak x1vvkbs xtlvy1s x126k92a\">\n<div dir=\"auto\">\u00a0<\/div>\n<div dir=\"auto\">Ende Juli verwandelte sich der Berg bei Breitenbach wieder in ein buntes, lebendiges Festivalgel\u00e4nde: Das Herzberg Festival feierte f\u00fcnf Tage lang Vielfalt, Musik und Miteinander. Zum ersten Mal war auch der AWO Kreisverband Fulda e.V. mit einem eigenen Stand vor Ort \u2013 und mittendrin im bunten Treiben.<\/div>\n<\/div>\n<div class=\"x14z9mp xat24cr x1lziwak x1vvkbs xtlvy1s x126k92a\">\n<div dir=\"auto\">F\u00fcr uns war das Festival eine besondere Gelegenheit, mit Menschen in Kontakt zu treten, die \u00e4hnliche gesellschaftliche Werte vertreten wie wir. Im Zentrum unseres Auftritts standen die f\u00fcnf Grundwerte der AWO:\u00a0Freiheit, Gleichheit, Gerechtigkeit, Solidarit\u00e4t und Toleranz. Sie pr\u00e4gen unser t\u00e4gliches Handeln \u2013 und waren auch thematischer Leitfaden f\u00fcr unser Festivalangebot.<\/div>\n<\/div>\n<div class=\"x14z9mp xat24cr x1lziwak x1vvkbs xtlvy1s x126k92a\">\n<div dir=\"auto\">Unser Stand war ein Ort zum Mitmachen, Ausprobieren und Verweilen \u2013 ganz bewusst auf\u00a0Spendenbasis, um Teilhabe unabh\u00e4ngig von Geldbeutel zu erm\u00f6glichen.<\/div>\n<\/div>\n<div class=\"x14z9mp xat24cr x1lziwak x1vvkbs xtlvy1s x126k92a\">\n<div dir=\"auto\">Ob beim\u00a0Basteln von Riesenseifenblasenst\u00e4ben\u00a0(inkl. Rezept zum Mitnehmen), der Gestaltung eines\u00a0zw\u00f6lf Meter langen Gemeinschaftsbanners\u00a0oder dem\u00a0Bedrucken von T-Shirts\u00a0mit politischen Botschaften wie \u201eSolidarit\u00e4t\u201c oder \u201eI\u00a0<span class=\"html-span xexx8yu xyri2b x18d9i69 x1c1uobl x1hl2dhg x16tdsg8 x1vvkbs x3nfvp2 x1j61x8r x1fcty0u xdj266r xat24cr xm2jcoa x1mpyi22 xxymvpz xlup9mm x1kky2od\"><img loading=\"lazy\" decoding=\"async\" class=\"xz74otr x15mokao x1ga7v0g x16uus16 xbiv7yw\" src=\"https:\/\/static.xx.fbcdn.net\/images\/emoji.php\/v9\/t6c\/1\/16\/2764.png\" alt=\"\u2764\ufe0f\" width=\"16\" height=\"16\" \/><\/span>\u00a0AWO\u201c \u2013 Kreativit\u00e4t war ausdr\u00fccklich erw\u00fcnscht.<\/div>\n<\/div>\n<div class=\"x14z9mp xat24cr x1lziwak x1vvkbs xtlvy1s x126k92a\">\n<div dir=\"auto\">Ein weiteres Highlight war unser\u00a0Mitmach-Zirkus\u00a0mit Jonglage, Diabolos, B\u00e4ndertanz und Balance Boards \u2013 ein Spa\u00df f\u00fcr Gro\u00df und Klein. Und wer lieber entspannte, konnte sich bei Twister, Kartenspielen oder im\u00a0Backgammon-Workshop\u00a0eine Pause g\u00f6nnen. Viele nutzten auch unseren\u00a0mobilen B\u00fccherbasar, bei dem kiloweise Lesestoff gegen Spende neue Besitzer:innen fand.<\/div>\n<\/div>\n<div class=\"x14z9mp xat24cr x1lziwak x1vvkbs xtlvy1s x126k92a\">\n<div dir=\"auto\">Besonderer Dank gilt unserem Team, das die gesamten Angebote sowie Auf- und Abbau\u00a0ehrenamtlich in der Freizeit\u00a0organisiert hat. Ohne diesen Einsatz w\u00e4re unser Festivalauftritt nicht m\u00f6glich gewesen.<\/div>\n<\/div>\n<div class=\"x14z9mp xat24cr x1lziwak x1vvkbs xtlvy1s x126k92a\">\n<div dir=\"auto\">Fazit: Unsere erste Teilnahme war ein voller Erfolg. Wir konnten unsere Werte sichtbar machen, Menschen ins Gespr\u00e4ch bringen und echte Begegnung erm\u00f6glichen \u2013 ganz im Sinne der AWO. Wir freuen uns auf eine Wiederholung!<\/div>\n<\/div>\n<\/div>\n<\/div>\n<\/div>\n<\/div>\n<\/div>\n<\/div>\n","protected":false},"excerpt":{"rendered":"<p>\u00a0 Ende Juli verwandelte sich der Berg bei Breitenbach wieder in ein buntes, lebendiges Festivalgel\u00e4nde: Das Herzberg Festival feierte f\u00fcnf Tage lang Vielfalt, Musik und Miteinander. Zum ersten Mal war&hellip;<\/p>\n","protected":false},"author":55,"featured_media":140757,"comment_status":"closed","ping_status":"closed","sticky":false,"template":"","format":"standard","meta":{"_editorskit_title_hidden":false,"_editorskit_reading_time":0,"_editorskit_is_block_options_detached":false,"_editorskit_block_options_position":"{}","footnotes":""},"categories":[1],"tags":[],"class_list":["post-140755","post","type-post","status-publish","format-standard","has-post-thumbnail","hentry","category-allgemein","category-1","description-off"],"translation":{"provider":"WPGlobus","version":"3.0.2","language":"ru","enabled_languages":["de","en","fr","ru","ar","tr","fa"],"languages":{"de":{"title":true,"content":true,"excerpt":false},"en":{"title":false,"content":false,"excerpt":false},"fr":{"title":false,"content":false,"excerpt":false},"ru":{"title":false,"content":false,"excerpt":false},"ar":{"title":false,"content":false,"excerpt":false},"tr":{"title":false,"content":false,"excerpt":false},"fa":{"title":false,"content":false,"excerpt":false}}},"_links":{"self":[{"href":"https:\/\/awo-fulda.de\/ru\/wp-json\/wp\/v2\/posts\/140755","targetHints":{"allow":["GET"]}}],"collection":[{"href":"https:\/\/awo-fulda.de\/ru\/wp-json\/wp\/v2\/posts"}],"about":[{"href":"https:\/\/awo-fulda.de\/ru\/wp-json\/wp\/v2\/types\/post"}],"author":[{"embeddable":true,"href":"https:\/\/awo-fulda.de\/ru\/wp-json\/wp\/v2\/users\/55"}],"replies":[{"embeddable":true,"href":"https:\/\/awo-fulda.de\/ru\/wp-json\/wp\/v2\/comments?post=140755"}],"version-history":[{"count":1,"href":"https:\/\/awo-fulda.de\/ru\/wp-json\/wp\/v2\/posts\/140755\/revisions"}],"predecessor-version":[{"id":140760,"href":"https:\/\/awo-fulda.de\/ru\/wp-json\/wp\/v2\/posts\/140755\/revisions\/140760"}],"wp:featuredmedia":[{"embeddable":true,"href":"https:\/\/awo-fulda.de\/ru\/wp-json\/wp\/v2\/media\/140757"}],"wp:attachment":[{"href":"https:\/\/awo-fulda.de\/ru\/wp-json\/wp\/v2\/media?parent=140755"}],"wp:term":[{"taxonomy":"category","embeddable":true,"href":"https:\/\/awo-fulda.de\/ru\/wp-json\/wp\/v2\/categories?post=140755"},{"taxonomy":"post_tag","embeddable":true,"href":"https:\/\/awo-fulda.de\/ru\/wp-json\/wp\/v2\/tags?post=140755"}],"curies":[{"name":"wp","href":"https:\/\/api.w.org\/{rel}","templated":true}]}}