{"id":124858,"date":"2023-06-29T12:04:55","date_gmt":"2023-06-29T10:04:55","guid":{"rendered":"https:\/\/awo-fulda.de\/?p=124858"},"modified":"2023-07-21T12:47:04","modified_gmt":"2023-07-21T10:47:04","slug":"herr-bombelmann-kommt","status":"publish","type":"post","link":"https:\/\/awo-fulda.de\/fr\/2023\/06\/29\/herr-bombelmann-kommt\/","title":{"rendered":"Herr Bombelmann kommt"},"content":{"rendered":"\n<p>Den Mitarbeiter:innen des Stadtteiltreffs Ziehers-Nord ist es ein besonderes Anliegen, Kindern, die heutzutage in einer zunehmend digitaler werdenden Welt aufwachsen, den Wert von B\u00fcchern zu vermitteln. Die Leidenschaft f\u00fcr das Lesen soll geweckt werden und die Lesekompetenz gef\u00f6rdert. Daher wird in Kooperation mit der Wohnstadt Fulda ein neues Angebot im Stadtteil etabliert: der B\u00fccherspielplatz. <\/p>\n\n\n\n<p>Gerne m\u00f6chten wir alle Interessierten zur offiziellen <\/p>\n\n\n\n<p><strong>Er\u00f6ffnung des B\u00fccherspielplatzes<\/strong><\/p>\n\n\n\n<p><strong>am Dienstag, den 11. Juli, ab 10 Uhr, in den Pfarrsaal der St. Paulus Kirche<\/strong><\/p>\n\n\n\n<p>einladen. <\/p>\n\n\n\n<p>Kinderbuchautor Wolfgang Lambrecht, der durch seine Herr-Bombelmann-B\u00fccher bekannt wurde, wird aus seinen Werken vorlesen. Herr Bombelmann ist ein \u201enetter, gem\u00fctlicher, hilfsbereiter Herr\u201c und nimmt die jungen Leser:innen mit auf eine abenteuerliche und bisweilen lustige Reise durch seinen Alltag, auf der er das ein oder andere Fettn\u00e4pfchen nicht ausl\u00e4sst. Lambrecht gelingt es auf humoristische Art, Fantasie mit Realit\u00e4t zu verbinden, f\u00f6rdert somit die kindliche Entwicklung und setzt literarische Akzente.<\/p>\n\n\n\n<p>Die Lesung ist ein Angebot f\u00fcr alle, die im Herzen jung geblieben sind.<\/p>\n\n\n\n<p><\/p>\n\n\n\n<p>Das regelm\u00e4\u00dfige Angebot wird von Lina H\u00e4rmst\u00e4dt koordiniert. Hier ihre Telefonnummer:<\/p>\n\n\n\n<p><\/p>\n\n\n\n<figure class=\"wp-block-image size-large\"><img loading=\"lazy\" decoding=\"async\" width=\"640\" height=\"490\" src=\"https:\/\/awo-fulda.de\/wp-content\/uploads\/2023\/07\/Lesespielplatz-640x490.jpg\" alt=\"\" class=\"wp-image-124862\" srcset=\"https:\/\/awo-fulda.de\/wp-content\/uploads\/2023\/07\/Lesespielplatz-640x490.jpg 640w, https:\/\/awo-fulda.de\/wp-content\/uploads\/2023\/07\/Lesespielplatz-480x367.jpg 480w, https:\/\/awo-fulda.de\/wp-content\/uploads\/2023\/07\/Lesespielplatz.jpg 657w\" sizes=\"auto, (max-width: 640px) 100vw, 640px\" \/><\/figure>\n\n\n\n<p><\/p>\n","protected":false},"excerpt":{"rendered":"<p>Den Mitarbeiter:innen des Stadtteiltreffs Ziehers-Nord ist es ein besonderes Anliegen, Kindern, die heutzutage in einer zunehmend digitaler werdenden Welt aufwachsen, den Wert von B\u00fcchern zu vermitteln. Die Leidenschaft f\u00fcr das&hellip;<\/p>\n","protected":false},"author":6,"featured_media":124861,"comment_status":"closed","ping_status":"closed","sticky":false,"template":"","format":"standard","meta":{"_editorskit_title_hidden":false,"_editorskit_reading_time":0,"_editorskit_is_block_options_detached":false,"_editorskit_block_options_position":"{}","footnotes":""},"categories":[86],"tags":[],"class_list":["post-124858","post","type-post","status-publish","format-standard","has-post-thumbnail","hentry","category-presse-berichte","category-86","description-off"],"translation":{"provider":"WPGlobus","version":"3.0.2","language":"fr","enabled_languages":["de","en","fr","ru","ar","tr","fa"],"languages":{"de":{"title":true,"content":true,"excerpt":false},"en":{"title":false,"content":false,"excerpt":false},"fr":{"title":false,"content":false,"excerpt":false},"ru":{"title":false,"content":false,"excerpt":false},"ar":{"title":false,"content":false,"excerpt":false},"tr":{"title":false,"content":false,"excerpt":false},"fa":{"title":false,"content":false,"excerpt":false}}},"_links":{"self":[{"href":"https:\/\/awo-fulda.de\/fr\/wp-json\/wp\/v2\/posts\/124858","targetHints":{"allow":["GET"]}}],"collection":[{"href":"https:\/\/awo-fulda.de\/fr\/wp-json\/wp\/v2\/posts"}],"about":[{"href":"https:\/\/awo-fulda.de\/fr\/wp-json\/wp\/v2\/types\/post"}],"author":[{"embeddable":true,"href":"https:\/\/awo-fulda.de\/fr\/wp-json\/wp\/v2\/users\/6"}],"replies":[{"embeddable":true,"href":"https:\/\/awo-fulda.de\/fr\/wp-json\/wp\/v2\/comments?post=124858"}],"version-history":[{"count":3,"href":"https:\/\/awo-fulda.de\/fr\/wp-json\/wp\/v2\/posts\/124858\/revisions"}],"predecessor-version":[{"id":124864,"href":"https:\/\/awo-fulda.de\/fr\/wp-json\/wp\/v2\/posts\/124858\/revisions\/124864"}],"wp:featuredmedia":[{"embeddable":true,"href":"https:\/\/awo-fulda.de\/fr\/wp-json\/wp\/v2\/media\/124861"}],"wp:attachment":[{"href":"https:\/\/awo-fulda.de\/fr\/wp-json\/wp\/v2\/media?parent=124858"}],"wp:term":[{"taxonomy":"category","embeddable":true,"href":"https:\/\/awo-fulda.de\/fr\/wp-json\/wp\/v2\/categories?post=124858"},{"taxonomy":"post_tag","embeddable":true,"href":"https:\/\/awo-fulda.de\/fr\/wp-json\/wp\/v2\/tags?post=124858"}],"curies":[{"name":"wp","href":"https:\/\/api.w.org\/{rel}","templated":true}]}}