{"id":124277,"date":"2023-06-15T12:22:08","date_gmt":"2023-06-15T10:22:08","guid":{"rendered":"https:\/\/awo-fulda.de\/?p=124277"},"modified":"2023-06-15T12:22:11","modified_gmt":"2023-06-15T10:22:11","slug":"stadtteilfest-aschenberg-u-fest-der-kulturen-17-06","status":"publish","type":"post","link":"https:\/\/awo-fulda.de\/fr\/2023\/06\/15\/stadtteilfest-aschenberg-u-fest-der-kulturen-17-06\/","title":{"rendered":"Stadtteilfest Aschenberg u. Fest der Kulturen (17.06.)"},"content":{"rendered":"\n<p>Am Samstag, den 17.06. findet auf dem Aschenbergplatz nicht nur das j\u00e4hrliche Stadtteilfest statt, sondern auch das \u201eFest der Kulturen\u201c. Das Programm des Stadtteilfestes beginnt um 13 Uhr und es wird bis 18 Uhr gefeiert. W\u00e4hrend des Stadtteilfestes wird es neben dem ausf\u00fchrlichen B\u00fchnenprogramm und vielen Bastel- und Mittmachaktionen auch ein Kinderkarussell und ein Riesenrad geben. Au\u00dferdem wird eine Tombola mit vielen tollen Preisen, darunter auch Freikarten f\u00fcr einen Kinderfreizeitpark, angeboten. F\u00fcr das leibliche Wohl ist auch gesorgt; es werden neben Waffeln, Kaffee und Kuchen, auch Pommes, W\u00fcrstchen und Plov (orientalisches Reisgereicht) verkauft. Das Abendprogramm des Fest der Kulturen beginnt um 18:30 Uhr. Zu Cocktails und kubanischer Live-Musik kann im MGH B\u00fcrgerzentrum Aschenberg der Abend verbracht werden.<\/p>\n","protected":false},"excerpt":{"rendered":"<p>Am Samstag, den 17.06. findet auf dem Aschenbergplatz nicht nur das j\u00e4hrliche Stadtteilfest statt, sondern auch das \u201eFest der Kulturen\u201c. Das Programm des Stadtteilfestes beginnt um 13 Uhr und es&hellip;<\/p>\n","protected":false},"author":55,"featured_media":124278,"comment_status":"closed","ping_status":"closed","sticky":false,"template":"","format":"standard","meta":{"_editorskit_title_hidden":false,"_editorskit_reading_time":0,"_editorskit_is_block_options_detached":false,"_editorskit_block_options_position":"{}","footnotes":""},"categories":[1],"tags":[],"class_list":["post-124277","post","type-post","status-publish","format-standard","has-post-thumbnail","hentry","category-allgemein","category-1","description-off"],"translation":{"provider":"WPGlobus","version":"3.0.2","language":"fr","enabled_languages":["de","en","fr","ru","ar","tr","fa"],"languages":{"de":{"title":true,"content":true,"excerpt":false},"en":{"title":false,"content":false,"excerpt":false},"fr":{"title":false,"content":false,"excerpt":false},"ru":{"title":false,"content":false,"excerpt":false},"ar":{"title":false,"content":false,"excerpt":false},"tr":{"title":false,"content":false,"excerpt":false},"fa":{"title":false,"content":false,"excerpt":false}}},"_links":{"self":[{"href":"https:\/\/awo-fulda.de\/fr\/wp-json\/wp\/v2\/posts\/124277","targetHints":{"allow":["GET"]}}],"collection":[{"href":"https:\/\/awo-fulda.de\/fr\/wp-json\/wp\/v2\/posts"}],"about":[{"href":"https:\/\/awo-fulda.de\/fr\/wp-json\/wp\/v2\/types\/post"}],"author":[{"embeddable":true,"href":"https:\/\/awo-fulda.de\/fr\/wp-json\/wp\/v2\/users\/55"}],"replies":[{"embeddable":true,"href":"https:\/\/awo-fulda.de\/fr\/wp-json\/wp\/v2\/comments?post=124277"}],"version-history":[{"count":1,"href":"https:\/\/awo-fulda.de\/fr\/wp-json\/wp\/v2\/posts\/124277\/revisions"}],"predecessor-version":[{"id":124279,"href":"https:\/\/awo-fulda.de\/fr\/wp-json\/wp\/v2\/posts\/124277\/revisions\/124279"}],"wp:featuredmedia":[{"embeddable":true,"href":"https:\/\/awo-fulda.de\/fr\/wp-json\/wp\/v2\/media\/124278"}],"wp:attachment":[{"href":"https:\/\/awo-fulda.de\/fr\/wp-json\/wp\/v2\/media?parent=124277"}],"wp:term":[{"taxonomy":"category","embeddable":true,"href":"https:\/\/awo-fulda.de\/fr\/wp-json\/wp\/v2\/categories?post=124277"},{"taxonomy":"post_tag","embeddable":true,"href":"https:\/\/awo-fulda.de\/fr\/wp-json\/wp\/v2\/tags?post=124277"}],"curies":[{"name":"wp","href":"https:\/\/api.w.org\/{rel}","templated":true}]}}