{"id":125758,"date":"2023-07-21T13:09:11","date_gmt":"2023-07-21T11:09:11","guid":{"rendered":"https:\/\/awo-fulda.de\/?p=125758"},"modified":"2023-07-21T13:09:16","modified_gmt":"2023-07-21T11:09:16","slug":"endlich-sommerferien","status":"publish","type":"post","link":"https:\/\/awo-fulda.de\/fa\/2023\/07\/21\/endlich-sommerferien\/","title":{"rendered":"ENDLICH SOMMERFERIEN"},"content":{"rendered":"\n<h4>Wir w\u00fcnschen allen Kindern und Familien eine sch\u00f6ne Zeit. Genie\u00dft die gemeinsamen Stunden, egal ob zuhause oder im Urlaub. Es gibt so viele sch\u00f6ne Sachen, \u00fcber die man sich freuen kann. Und manchmal kosten sie gar kein Geld: die Blumen auf der Wiese, die schnurrende Katze auf deinem Scho\u00df, der zwitschernde Vogel, das k\u00fchlende Wasser im See &#8211; oder auch die Ferienangebote der AWO!<\/h4>\n<h4>Informiert euch \u00fcber das Programm in den einzelnen Begegnungszentren und beachtet bitte die ge\u00e4nderten \u00d6ffnungszeiten w\u00e4hrend der Sommerferien. Auch wir machen Urlaub und sind dann im September wieder mit viel Schwung f\u00fcr euch da.<\/h4>\n","protected":false},"excerpt":{"rendered":"<p>Wir w\u00fcnschen allen Kindern und Familien eine sch\u00f6ne Zeit. Genie\u00dft die gemeinsamen Stunden, egal ob zuhause oder im Urlaub. Es gibt so viele sch\u00f6ne Sachen, \u00fcber die man sich freuen&hellip;<\/p>\n","protected":false},"author":6,"featured_media":125759,"comment_status":"closed","ping_status":"closed","sticky":false,"template":"","format":"standard","meta":{"_editorskit_title_hidden":false,"_editorskit_reading_time":0,"_editorskit_is_block_options_detached":false,"_editorskit_block_options_position":"{}","footnotes":""},"categories":[86],"tags":[],"class_list":["post-125758","post","type-post","status-publish","format-standard","has-post-thumbnail","hentry","category-presse-berichte","category-86","description-off"],"translation":{"provider":"WPGlobus","version":"3.0.2","language":"fa","enabled_languages":["de","en","fr","ru","ar","tr","fa"],"languages":{"de":{"title":true,"content":true,"excerpt":false},"en":{"title":false,"content":false,"excerpt":false},"fr":{"title":false,"content":false,"excerpt":false},"ru":{"title":false,"content":false,"excerpt":false},"ar":{"title":false,"content":false,"excerpt":false},"tr":{"title":false,"content":false,"excerpt":false},"fa":{"title":false,"content":false,"excerpt":false}}},"_links":{"self":[{"href":"https:\/\/awo-fulda.de\/fa\/wp-json\/wp\/v2\/posts\/125758","targetHints":{"allow":["GET"]}}],"collection":[{"href":"https:\/\/awo-fulda.de\/fa\/wp-json\/wp\/v2\/posts"}],"about":[{"href":"https:\/\/awo-fulda.de\/fa\/wp-json\/wp\/v2\/types\/post"}],"author":[{"embeddable":true,"href":"https:\/\/awo-fulda.de\/fa\/wp-json\/wp\/v2\/users\/6"}],"replies":[{"embeddable":true,"href":"https:\/\/awo-fulda.de\/fa\/wp-json\/wp\/v2\/comments?post=125758"}],"version-history":[{"count":2,"href":"https:\/\/awo-fulda.de\/fa\/wp-json\/wp\/v2\/posts\/125758\/revisions"}],"predecessor-version":[{"id":125761,"href":"https:\/\/awo-fulda.de\/fa\/wp-json\/wp\/v2\/posts\/125758\/revisions\/125761"}],"wp:featuredmedia":[{"embeddable":true,"href":"https:\/\/awo-fulda.de\/fa\/wp-json\/wp\/v2\/media\/125759"}],"wp:attachment":[{"href":"https:\/\/awo-fulda.de\/fa\/wp-json\/wp\/v2\/media?parent=125758"}],"wp:term":[{"taxonomy":"category","embeddable":true,"href":"https:\/\/awo-fulda.de\/fa\/wp-json\/wp\/v2\/categories?post=125758"},{"taxonomy":"post_tag","embeddable":true,"href":"https:\/\/awo-fulda.de\/fa\/wp-json\/wp\/v2\/tags?post=125758"}],"curies":[{"name":"wp","href":"https:\/\/api.w.org\/{rel}","templated":true}]}}