{"id":124789,"date":"2023-06-27T15:29:34","date_gmt":"2023-06-27T13:29:34","guid":{"rendered":"https:\/\/awo-fulda.de\/?p=124789"},"modified":"2023-07-03T16:45:31","modified_gmt":"2023-07-03T14:45:31","slug":"csd-in-fulda-awo-fuer-vielfalt","status":"publish","type":"post","link":"https:\/\/awo-fulda.de\/fa\/2023\/06\/27\/csd-in-fulda-awo-fuer-vielfalt\/","title":{"rendered":"CSD in Fulda &#8211; AWO f\u00fcr Vielfalt"},"content":{"rendered":"\n<p><strong>In Fulda wurde der Christopher Street Day gefeiert und die AWO war dabei. Wir haben es uns nicht nehmen lassen, trotz Gewitterschauer unseren Slogan \u201eWir leben Vielfalt\u201c durch die Stra\u00dfen zu tragen.<\/strong><\/p>\n<p><strong>Das bunte Treiben begann schon vormittags und endete erst weit nach Mitternacht. Bekannte Drag Queens und DJs sorgten f\u00fcr Stimmung am Bahnhofsvorplatz und nach der Parade durch die Stadt ging die Party im Museumshof bzw. S-Club weiter. <\/strong><\/p>\n<p><strong>Regenbogenfahnen bestimmten das Stadtbild \u2013 und sogar am Schloss wehte eine im Wind!<\/strong><\/p>\n<p>Auch in Berlin erinnerten im Juni Regenbogenflaggen vor \u00f6ffentlichen Geb\u00e4uden an einen historischen Tag: Vor 54 Jahren begannen in der Stonewall Bar in New York Proteste von queeren Menschen, die sich gegen Razzien der Polizei wehrten \u2013 heute als Christopher Street Day bekannt. Auch ein halbes Jahrhundert sp\u00e4ter setzen sich Menschen weltweit f\u00fcr ihre Rechte und gesellschaftliche Vielfalt ein. Leider ist das weiterhin n\u00f6tig. Erst voriges Wochenende wurden etwa 48 Menschen bei einer Pride-Parade in Istanbul festgenommen.<\/p>\n<p>Aber auch der Blick auf Deutschland ist ern\u00fcchternd: Zwar wurde rechtlich einiges erreicht, beispielsweise durch die \u201eEhe f\u00fcr Alle\u201c oder die Einf\u00fchrung des dritten Geschlechts, trotzdem sind queere oder trans* Menschen weiterhin Anfeindung, Diskriminierung und Gewalt ausgesetzt.<\/p>\n<p>Ein Blick in die Statistiken des Innenministeriums zeigt: Im Themenfeld &#8220;frauenfeindlich&#8221; wurden 206 Delikte an das Bundeskriminalamt gemeldet, im Themenfeld &#8220;geschlechtsbezogene Diversit\u00e4t&#8221; waren es 417. Bei den Gewaltdelikten wurde ein Zuwachs um 42,5 Prozent registriert. Im Themenfeld &#8220;sexuelle Orientierung&#8221;, in dem homophobe Straftaten erfasst werden, sind die Fallzahlen um rund 15 Prozent auf 1.005 Delikte angestiegen. (Es ist jedoch von einer besonders hohen Dunkelziffer auszugehen).<\/p>\n<p>Eine aktuelle Studie hat ergeben, dass sich hinsichtlich ihrer sexuellen Orientierung die j\u00fcngere Generation vielf\u00e4ltiger als die restliche Gesellschaft aufstellt. So identifizieren sich laut einer internationalen Online-Befragung mit knapp 20.000 Menschen unter der Generation Z (Jahrgang 1997+) etwa 18 Prozent als homosexuell, bisexuell, pansexuell\/omnisexuell, asexuell oder sonstiges, w\u00e4hrend dies von den Baby-Boomern (Jahrgang 1946-1964) nur 4 Prozent taten.<\/p>\n<p>Mit dieser ver\u00e4nderten Lebenswirklichkeit m\u00fcssen wir umgehen lernen.<\/p>\n<p><strong>Integration bedeutet nicht nur, dass Behinderte Zugang zu \u00f6ffentlichen Angeboten haben. Integration hei\u00dft auch, dass das Zusammenleben mit Menschen fremder Herkunft von Toleranz gepr\u00e4gt ist ebenso wie mit Menschen, die andere religi\u00f6se oder sexuelle Orientierung haben. <\/strong><\/p>\n<p>\u00a0<\/p>\n<table style=\"border-collapse: collapse; width: 100%;\">\n<tbody>\n<tr>\n<td style=\"width: 33.3333%;\"><a class=\"dt-pswp-item\" href=\"https:\/\/awo-fulda.de\/wp-content\/uploads\/2023\/07\/2f99d0d5-b16a-4a23-92d5-d954e645fd88.jpg\" data-dt-img-description=\"\" data-large_image_width=\"1600\" data-large_image_height=\"1200\"><img loading=\"lazy\" decoding=\"async\" class=\"aligncenter size-full wp-image-124792\" src=\"https:\/\/awo-fulda.de\/wp-content\/uploads\/2023\/07\/2f99d0d5-b16a-4a23-92d5-d954e645fd88.jpg\" alt=\"\" width=\"1600\" height=\"1200\" srcset=\"https:\/\/awo-fulda.de\/wp-content\/uploads\/2023\/07\/2f99d0d5-b16a-4a23-92d5-d954e645fd88.jpg 1600w, https:\/\/awo-fulda.de\/wp-content\/uploads\/2023\/07\/2f99d0d5-b16a-4a23-92d5-d954e645fd88-480x360.jpg 480w, https:\/\/awo-fulda.de\/wp-content\/uploads\/2023\/07\/2f99d0d5-b16a-4a23-92d5-d954e645fd88-640x480.jpg 640w, https:\/\/awo-fulda.de\/wp-content\/uploads\/2023\/07\/2f99d0d5-b16a-4a23-92d5-d954e645fd88-768x576.jpg 768w, https:\/\/awo-fulda.de\/wp-content\/uploads\/2023\/07\/2f99d0d5-b16a-4a23-92d5-d954e645fd88-1536x1152.jpg 1536w\" sizes=\"auto, (max-width: 1600px) 100vw, 1600px\" \/><\/a><\/td>\n<td style=\"width: 33.3333%; text-align: center;\">\n<p><a class=\"dt-pswp-item\" href=\"https:\/\/awo-fulda.de\/wp-content\/uploads\/2023\/07\/Drag-Queen.jpg\" data-dt-img-description=\"\" data-large_image_width=\"975\" data-large_image_height=\"665\"><strong>DANKE AN ALLE DIE MITGEMACHT HABEN!<\/strong><\/a><br \/><br \/><a class=\"dt-pswp-item\" href=\"https:\/\/awo-fulda.de\/wp-content\/uploads\/2023\/07\/Drag-Queen.jpg\" data-dt-img-description=\"\" data-large_image_width=\"975\" data-large_image_height=\"665\"><img loading=\"lazy\" decoding=\"async\" class=\"aligncenter wp-image-124797 size-full\" src=\"https:\/\/awo-fulda.de\/wp-content\/uploads\/2023\/07\/Drag-Queen-e1688390755768.jpg\" alt=\"\" width=\"975\" height=\"665\" \/><\/a><\/p>\n<\/td>\n<td style=\"width: 33.3333%;\"><a class=\"dt-pswp-item\" href=\"https:\/\/awo-fulda.de\/wp-content\/uploads\/2023\/07\/IMG_7217-scaled.jpg\" data-dt-img-description=\"\" data-large_image_width=\"2560\" data-large_image_height=\"1920\"><img loading=\"lazy\" decoding=\"async\" class=\"aligncenter size-full wp-image-124795\" src=\"https:\/\/awo-fulda.de\/wp-content\/uploads\/2023\/07\/IMG_7217-scaled.jpg\" alt=\"\" width=\"2560\" height=\"1920\" srcset=\"https:\/\/awo-fulda.de\/wp-content\/uploads\/2023\/07\/IMG_7217-scaled.jpg 2560w, https:\/\/awo-fulda.de\/wp-content\/uploads\/2023\/07\/IMG_7217-480x360.jpg 480w, https:\/\/awo-fulda.de\/wp-content\/uploads\/2023\/07\/IMG_7217-640x480.jpg 640w, https:\/\/awo-fulda.de\/wp-content\/uploads\/2023\/07\/IMG_7217-768x576.jpg 768w, https:\/\/awo-fulda.de\/wp-content\/uploads\/2023\/07\/IMG_7217-1536x1152.jpg 1536w, https:\/\/awo-fulda.de\/wp-content\/uploads\/2023\/07\/IMG_7217-2048x1536.jpg 2048w\" sizes=\"auto, (max-width: 2560px) 100vw, 2560px\" \/><\/a><\/td>\n<\/tr>\n<tr>\n<td style=\"width: 33.3333%;\"><a class=\"dt-pswp-item\" href=\"https:\/\/awo-fulda.de\/wp-content\/uploads\/2023\/07\/IMG_7216-scaled.jpg\" data-dt-img-description=\"\" data-large_image_width=\"2560\" data-large_image_height=\"1920\"><img loading=\"lazy\" decoding=\"async\" class=\"aligncenter size-full wp-image-124794\" src=\"https:\/\/awo-fulda.de\/wp-content\/uploads\/2023\/07\/IMG_7216-scaled.jpg\" alt=\"\" width=\"2560\" height=\"1920\" srcset=\"https:\/\/awo-fulda.de\/wp-content\/uploads\/2023\/07\/IMG_7216-scaled.jpg 2560w, https:\/\/awo-fulda.de\/wp-content\/uploads\/2023\/07\/IMG_7216-480x360.jpg 480w, https:\/\/awo-fulda.de\/wp-content\/uploads\/2023\/07\/IMG_7216-640x480.jpg 640w, https:\/\/awo-fulda.de\/wp-content\/uploads\/2023\/07\/IMG_7216-768x576.jpg 768w, https:\/\/awo-fulda.de\/wp-content\/uploads\/2023\/07\/IMG_7216-1536x1152.jpg 1536w, https:\/\/awo-fulda.de\/wp-content\/uploads\/2023\/07\/IMG_7216-2048x1536.jpg 2048w\" sizes=\"auto, (max-width: 2560px) 100vw, 2560px\" \/><\/a><\/td>\n<td style=\"width: 33.3333%;\"><a class=\"dt-pswp-item\" href=\"https:\/\/awo-fulda.de\/wp-content\/uploads\/2023\/07\/IMG_7220-scaled.jpg\" data-dt-img-description=\"\" data-large_image_width=\"2560\" data-large_image_height=\"1920\"><img loading=\"lazy\" decoding=\"async\" class=\"aligncenter size-full wp-image-124796\" src=\"https:\/\/awo-fulda.de\/wp-content\/uploads\/2023\/07\/IMG_7220-scaled.jpg\" alt=\"\" width=\"2560\" height=\"1920\" srcset=\"https:\/\/awo-fulda.de\/wp-content\/uploads\/2023\/07\/IMG_7220-scaled.jpg 2560w, https:\/\/awo-fulda.de\/wp-content\/uploads\/2023\/07\/IMG_7220-480x360.jpg 480w, https:\/\/awo-fulda.de\/wp-content\/uploads\/2023\/07\/IMG_7220-640x480.jpg 640w, https:\/\/awo-fulda.de\/wp-content\/uploads\/2023\/07\/IMG_7220-768x576.jpg 768w, https:\/\/awo-fulda.de\/wp-content\/uploads\/2023\/07\/IMG_7220-1536x1152.jpg 1536w, https:\/\/awo-fulda.de\/wp-content\/uploads\/2023\/07\/IMG_7220-2048x1536.jpg 2048w\" sizes=\"auto, (max-width: 2560px) 100vw, 2560px\" \/><\/a><\/td>\n<td style=\"width: 33.3333%;\"><a class=\"dt-pswp-item\" href=\"https:\/\/awo-fulda.de\/wp-content\/uploads\/2023\/07\/9917ebcc-cb52-49db-a627-f4ca68f3e0f4.jpg\" data-dt-img-description=\"\" data-large_image_width=\"1600\" data-large_image_height=\"1200\"><img loading=\"lazy\" decoding=\"async\" class=\"aligncenter size-full wp-image-124793\" src=\"https:\/\/awo-fulda.de\/wp-content\/uploads\/2023\/07\/9917ebcc-cb52-49db-a627-f4ca68f3e0f4.jpg\" alt=\"\" width=\"1600\" height=\"1200\" srcset=\"https:\/\/awo-fulda.de\/wp-content\/uploads\/2023\/07\/9917ebcc-cb52-49db-a627-f4ca68f3e0f4.jpg 1600w, https:\/\/awo-fulda.de\/wp-content\/uploads\/2023\/07\/9917ebcc-cb52-49db-a627-f4ca68f3e0f4-480x360.jpg 480w, https:\/\/awo-fulda.de\/wp-content\/uploads\/2023\/07\/9917ebcc-cb52-49db-a627-f4ca68f3e0f4-640x480.jpg 640w, https:\/\/awo-fulda.de\/wp-content\/uploads\/2023\/07\/9917ebcc-cb52-49db-a627-f4ca68f3e0f4-768x576.jpg 768w, https:\/\/awo-fulda.de\/wp-content\/uploads\/2023\/07\/9917ebcc-cb52-49db-a627-f4ca68f3e0f4-1536x1152.jpg 1536w\" sizes=\"auto, (max-width: 1600px) 100vw, 1600px\" \/><\/a><\/td>\n<\/tr>\n<\/tbody>\n<\/table>\n<p>\u00a0<\/p>\n<p>Weitere Berichte:<\/p>\n<p><a href=\"https:\/\/www.ardmediathek.de\/video\/hessenschau\/tausende-beim-csd-in-fulda\/hr-fernsehen\/Y3JpZDovL2hyLW9ubGluZS8yMDQ0NDM\">https:\/\/www.ardmediathek.de\/video\/hessenschau\/tausende-beim-csd-in-fulda\/hr-fernsehen\/Y3JpZDovL2hyLW9ubGluZS8yMDQ0NDM<\/a><\/p>\n<p><a href=\"https:\/\/www.osthessen-zeitung.de\/einzelansicht\/news\/2023\/juni\/aufmerksamkeit-fuer-die-queer-community-dritter-csd-in-fulda.html\">https:\/\/www.osthessen-zeitung.de\/einzelansicht\/news\/2023\/juni\/aufmerksamkeit-fuer-die-queer-community-dritter-csd-in-fulda.html<\/a><\/p>\n<p><a href=\"https:\/\/osthessen-news.de\/n11746134\/voller-erfolg-rund-1-000-menschen-feiern-den-christopher-street-day.html\">https:\/\/osthessen-news.de\/n11746134\/voller-erfolg-rund-1-000-menschen-feiern-den-christopher-street-day.html<\/a><\/p>\n<p>\u00a0<\/p>\n","protected":false},"excerpt":{"rendered":"<p>In Fulda wurde der Christopher Street Day gefeiert und die AWO war dabei. Wir haben es uns nicht nehmen lassen, trotz Gewitterschauer unseren Slogan \u201eWir leben Vielfalt\u201c durch die Stra\u00dfen&hellip;<\/p>\n","protected":false},"author":6,"featured_media":124790,"comment_status":"closed","ping_status":"closed","sticky":false,"template":"","format":"standard","meta":{"_editorskit_title_hidden":false,"_editorskit_reading_time":0,"_editorskit_is_block_options_detached":false,"_editorskit_block_options_position":"{}","footnotes":""},"categories":[86],"tags":[],"class_list":["post-124789","post","type-post","status-publish","format-standard","has-post-thumbnail","hentry","category-presse-berichte","category-86","description-off"],"translation":{"provider":"WPGlobus","version":"3.0.2","language":"fa","enabled_languages":["de","en","fr","ru","ar","tr","fa"],"languages":{"de":{"title":true,"content":true,"excerpt":false},"en":{"title":false,"content":false,"excerpt":false},"fr":{"title":false,"content":false,"excerpt":false},"ru":{"title":false,"content":false,"excerpt":false},"ar":{"title":false,"content":false,"excerpt":false},"tr":{"title":false,"content":false,"excerpt":false},"fa":{"title":false,"content":false,"excerpt":false}}},"_links":{"self":[{"href":"https:\/\/awo-fulda.de\/fa\/wp-json\/wp\/v2\/posts\/124789","targetHints":{"allow":["GET"]}}],"collection":[{"href":"https:\/\/awo-fulda.de\/fa\/wp-json\/wp\/v2\/posts"}],"about":[{"href":"https:\/\/awo-fulda.de\/fa\/wp-json\/wp\/v2\/types\/post"}],"author":[{"embeddable":true,"href":"https:\/\/awo-fulda.de\/fa\/wp-json\/wp\/v2\/users\/6"}],"replies":[{"embeddable":true,"href":"https:\/\/awo-fulda.de\/fa\/wp-json\/wp\/v2\/comments?post=124789"}],"version-history":[{"count":3,"href":"https:\/\/awo-fulda.de\/fa\/wp-json\/wp\/v2\/posts\/124789\/revisions"}],"predecessor-version":[{"id":124799,"href":"https:\/\/awo-fulda.de\/fa\/wp-json\/wp\/v2\/posts\/124789\/revisions\/124799"}],"wp:featuredmedia":[{"embeddable":true,"href":"https:\/\/awo-fulda.de\/fa\/wp-json\/wp\/v2\/media\/124790"}],"wp:attachment":[{"href":"https:\/\/awo-fulda.de\/fa\/wp-json\/wp\/v2\/media?parent=124789"}],"wp:term":[{"taxonomy":"category","embeddable":true,"href":"https:\/\/awo-fulda.de\/fa\/wp-json\/wp\/v2\/categories?post=124789"},{"taxonomy":"post_tag","embeddable":true,"href":"https:\/\/awo-fulda.de\/fa\/wp-json\/wp\/v2\/tags?post=124789"}],"curies":[{"name":"wp","href":"https:\/\/api.w.org\/{rel}","templated":true}]}}