{"id":22194,"date":"2020-04-04T14:25:27","date_gmt":"2020-04-04T12:25:27","guid":{"rendered":"https:\/\/awo-fulda.de\/?p=22194"},"modified":"2020-04-11T13:02:20","modified_gmt":"2020-04-11T11:02:20","slug":"maerchen-puppenmaedchen-russisch","status":"publish","type":"post","link":"https:\/\/awo-fulda.de\/en\/2020\/04\/04\/maerchen-puppenmaedchen-russisch\/","title":{"rendered":"M\u00e4rchen &#8220;Das Puppenm\u00e4dchen&#8221; (Russisch)"},"content":{"rendered":"\r\n<figure class=\"wp-block-embed-youtube wp-block-embed is-type-video is-provider-youtube wp-embed-aspect-4-3 wp-has-aspect-ratio\">\r\n<div class=\"wp-block-embed__wrapper\">https:\/\/youtu.be\/78GODRPaHAw<\/div>\r\n<\/figure>\r\n\r\n\r\n\r\n<p><span class=\"style-scope yt-formatted-string\" dir=\"auto\">Dieses M\u00e4rchen ist von Olga Polikevic selbst geschrieben! Sie hat bereits viele Gedichte und Geschichten geschrieben und ver\u00f6ffentlicht <i>\ud83d\udc4d<\/i>, auf Deutsch und Russisch. Hier ist das M\u00e4rchen aber erst einmal auf Russisch. Es ist handelt von einem Puppenm\u00e4dchen, aus einer Reihe &#8220;Magischer Spielzeugladen&#8221;. Das Bild dazu wurde von ihrer Mutter gemalt. <i>\ud83c\udfa8\ud83d\udc4d <\/i>Die beiden sind mit ihrem Vater zusammen als Familie vor 24 Jahren nach Deutschland gekommen. Und nun arbeitet sie in der Buchhaltung bei der AWO Fulda und auch im B\u00fcrgerzentrum Ziehers-S\u00fcd. Sie engagiert sich mit ihrer Tochter zusammen seit Jahren ehrenamtlich beim monatlichen B\u00fccherbasar der AWO Fulda in der Frankfurter Stra\u00dfe 28. <i>\ud83d\udc4d\ud83d\udcd6<\/i> Ihre Tochter hat \u00fcbrigens neulich an einem Vorlese-Wettbewerb teilgenommen und war sehr erfolgreich. <i>\ud83d\udcaa\ud83c\udffc\ud83d\udc4d<\/i><\/span><\/p>\r\n<p><span class=\"style-scope yt-formatted-string\" dir=\"auto\">Die AWO Fulda zeigt M\u00e4rchen, die von Ehrenamtlichen, Hauptamtlichen oder auch einfach Stadtteilbewohner*innen von Fulda-Ziehers-S\u00fcd vorgelesen werden. <\/span><\/p>\r\n<p><span class=\"style-scope yt-formatted-string\" dir=\"auto\">Entstanden war die Idee der M\u00e4rchen-Videos als digitale \u00dcberarbeitung des monatlichen \u201eface-to-face&#8221;-Angebots: Kreatives Vorlesen mit Kindern und ihren Eltern: Basteln\/Malen, Vorlesen, Spielen.<\/span><\/p>\r\n<p><a href=\"https:\/\/youtu.be\/78GODRPaHAw\">https:\/\/youtu.be\/78GODRPaHAw <\/a><\/p>\r\n","protected":false},"excerpt":{"rendered":"<p>geschrieben und vorgelesen von Olga Polikevic<\/p>\n","protected":false},"author":10,"featured_media":22201,"comment_status":"closed","ping_status":"closed","sticky":false,"template":"","format":"standard","meta":{"_editorskit_title_hidden":false,"_editorskit_reading_time":0,"_editorskit_is_block_options_detached":false,"_editorskit_block_options_position":"{}","footnotes":""},"categories":[1],"tags":[],"class_list":["post-22194","post","type-post","status-publish","format-standard","has-post-thumbnail","hentry","category-allgemein","category-1","description-off"],"translation":{"provider":"WPGlobus","version":"3.0.2","language":"en","enabled_languages":["de","en","fr","ru","ar","tr","fa"],"languages":{"de":{"title":true,"content":true,"excerpt":true},"en":{"title":false,"content":false,"excerpt":false},"fr":{"title":false,"content":false,"excerpt":false},"ru":{"title":false,"content":false,"excerpt":false},"ar":{"title":false,"content":false,"excerpt":false},"tr":{"title":false,"content":false,"excerpt":false},"fa":{"title":false,"content":false,"excerpt":false}}},"_links":{"self":[{"href":"https:\/\/awo-fulda.de\/en\/wp-json\/wp\/v2\/posts\/22194","targetHints":{"allow":["GET"]}}],"collection":[{"href":"https:\/\/awo-fulda.de\/en\/wp-json\/wp\/v2\/posts"}],"about":[{"href":"https:\/\/awo-fulda.de\/en\/wp-json\/wp\/v2\/types\/post"}],"author":[{"embeddable":true,"href":"https:\/\/awo-fulda.de\/en\/wp-json\/wp\/v2\/users\/10"}],"replies":[{"embeddable":true,"href":"https:\/\/awo-fulda.de\/en\/wp-json\/wp\/v2\/comments?post=22194"}],"version-history":[{"count":4,"href":"https:\/\/awo-fulda.de\/en\/wp-json\/wp\/v2\/posts\/22194\/revisions"}],"predecessor-version":[{"id":22330,"href":"https:\/\/awo-fulda.de\/en\/wp-json\/wp\/v2\/posts\/22194\/revisions\/22330"}],"wp:featuredmedia":[{"embeddable":true,"href":"https:\/\/awo-fulda.de\/en\/wp-json\/wp\/v2\/media\/22201"}],"wp:attachment":[{"href":"https:\/\/awo-fulda.de\/en\/wp-json\/wp\/v2\/media?parent=22194"}],"wp:term":[{"taxonomy":"category","embeddable":true,"href":"https:\/\/awo-fulda.de\/en\/wp-json\/wp\/v2\/categories?post=22194"},{"taxonomy":"post_tag","embeddable":true,"href":"https:\/\/awo-fulda.de\/en\/wp-json\/wp\/v2\/tags?post=22194"}],"curies":[{"name":"wp","href":"https:\/\/api.w.org\/{rel}","templated":true}]}}