{"id":125745,"date":"2023-07-21T12:26:17","date_gmt":"2023-07-21T10:26:17","guid":{"rendered":"https:\/\/awo-fulda.de\/?p=125745"},"modified":"2023-07-21T12:26:17","modified_gmt":"2023-07-21T10:26:17","slug":"buecherspielplatz-in-ziehers-nord","status":"publish","type":"post","link":"https:\/\/awo-fulda.de\/en\/2023\/07\/21\/buecherspielplatz-in-ziehers-nord\/","title":{"rendered":"B\u00fccherspielplatz in Ziehers-Nord"},"content":{"rendered":"\r\n<h5>Lesung mit Autor Wolfgang Lambrecht<\/h5>\r\n<h5><strong>Was haben eine kleine Hexe, der Mann im Mond und ein fast blinder Maulwurf gemeinsam? Sie alle erleben Alltagsabenteuer mit Herrn Bombelmann, einer Kunstfigur des K\u00fcnzeller Autoren Wolfgang Lambrecht. Welche genau, erfuhren Kinder der Fuldaer St. Paulus Kita und Bewohnerinnen des Erna-Hosemann-Hauses der AWO Nordhessen w\u00e4hrend einer Lesung Lambrechts am Dienstag, im Pfarrsaal der St. Paulus Kirche. Anlass war die Er\u00f6ffnung des B\u00fccherspielplatzes des AWO-Stadtteiltreffs in Ziehers-Nord.<\/strong><\/h5>\r\n<p>Lambrecht berichtet den Anwesenden unter anderem von der Begegnung Herrn Bombelmanns mit der kleinen Hexe. Geblendet von dessen Fernrohr, mit welchem er regelm\u00e4\u00dfig den Mann im Mond beobachtet, verungl\u00fcckt sie beinahe. Daraufhin h\u00e4lt sie dem sichtlich verdutzten Bombelmann eine Standpauke, beschlie\u00dft jedoch, ihm einen Wunsch zu erf\u00fcllen. Und so sitzen sie, Herr Bombelmann und der Mann im Mond am Ende der Geschichte zusammen, trinken Kakao und spielen eine Partie Mensch-\u00c4rgere-Dich-Nicht. Lambrecht verkn\u00fcpft seine Erz\u00e4hlung mit Schauspielkunst. Er wechselt authentisch zwischen den Rollen und nutzt diese Wechsel zur direkten Ansprache einzelner Zuh\u00f6rer:innen. So erf\u00fcllt er den Raum mit Spannung und zieht Jung und Alt in seinen Bann. Obwohl Kinder bekanntlich nicht lange stillsitzen k\u00f6nnen, lauschen sie aufmerksam bis zum Ende und zeigen damit, wie hoch ihr Interesse an B\u00fcchern und damit letztlich auch am B\u00fccherspielplatz sicherlich ist.<\/p>\r\n<p>\u201eVor einiger Zeit kamen zwei junge Frauen aus dem Stadtteil auf uns zu, darunter Aisha Butt. Sie hatten die Idee eine Lesegruppe f\u00fcr Kinder zu er\u00f6ffnen, in der diese spielerisch an das Lesen herangef\u00fchrt werden\u201c, sagt Lina H\u00e4rmst\u00e4dt, Leiterin des AWO-Stadtteiltreffs Ziehers-Nord, in ihrer Begr\u00fc\u00dfung. Ziel des B\u00fccherspielplatzes sei es, Kindern den Spa\u00df am Lesen n\u00e4herzubringen, um so ihre Lesekompetenz individuell zu f\u00f6rdern. Finanziert wird das Angebot durch die Nassauische Heimst\u00e4tte, Wohnstadt Fulda \u2013 vertreten durch Sascha Holstein, Leiter des Regionalcenters Kassel, und Romy Rath, Leiterin des Servicecenters Fulda \u2013, die den B\u00fccherspielplatz unter anderem mit einer B\u00fccherspende unterst\u00fctzt.<\/p>\r\n<p>Stefan M\u00f6lleney, Leiter des Amts f\u00fcr Jugend, Familie und Senioren, \u00fcbermittelte Gr\u00fc\u00dfe von Fuldas B\u00fcrgermeister Dag Wehner. Er selbst habe als Kind viel Zeit im Pfarrsaal der St. Paulus Kirche verbracht und hier den Spa\u00df am Lesen entdeckt. Daher \u00fcberrascht es wenig, dass eine Kiste voller B\u00fccher den gr\u00f6\u00dften Teil von M\u00f6lleneys Urlaubsgep\u00e4ck ausmacht. \u201eIch bin zwei Wochen allein unterwegs und will beim Lesen in fremde Welten eintauchen.\u201c Ein Buch mit Herrn Bombelmann werde M\u00f6lleney ebenfalls mit auf die Reise nehmen, denn: \u201eUm gut leben zu k\u00f6nnen, braucht es das Lesen, muss man mit B\u00fcchern aufwachsen, und dass das hier beim B\u00fccherspielplatz gelingt, davon bin ich \u00fcberzeugt.\u201c<\/p>\r\n<p>Erich Stenzel, Bezirksvorsteher von Ziehers-Nord, misst insbesondere der F\u00f6rderung der Kreativit\u00e4t durch B\u00fccher eine hohe Bedeutung zu. Zwar verbringen Kinder heute viel Zeit vor dem Tablet oder mit dem Handy, doch nur das Lesen und Vorlesen von B\u00fcchern rege ihre Kreativit\u00e4t an, da sie dazu eingeladen werden, sich das Geh\u00f6rte und Gelesene bildhaft vorzustellen.<\/p>\r\n<p>Welchen Wert B\u00fccher haben, wird an den Erz\u00e4hlungen von Collette Wanjugu D\u00f6ppner, stellvertretende Vorsitzende der AWO Fulda, klar. D\u00f6ppner wuchs in Kenia in armen Verh\u00e4ltnissen auf. Ihrer Mutter fehlte das Geld f\u00fcr B\u00fccher, lediglich Ausgaben f\u00fcr Schulb\u00fccher und -uniform konnte sich die Familie leisten. \u201eIn der N\u00e4he unseres Wohnorts gab es allerdings eine Bibliothek, dort war ich jede Woche. Nach einigen Jahren hatte ich alle B\u00fccher in der Kinderabteilung gelesen\u201c, sagt sie. Damals war sie 13 und verzweifelt. \u201eDenn ich wusste nicht, was ich jetzt lesen sollte. Die Bibliothek machte dann eine Ausnahme, und gestattete es mir, B\u00fccher f\u00fcr Erwachsene auszuleihen.\u201c So habe das Buch letztlich ihr Leben ver\u00e4ndert. Nur dank dem Lesen sei es ihr gelungen, die Deutsche Sprache zu lernen, die sie heute beherrscht.<\/p>\r\n<p>Auch Jennifer Linke, verantwortlich f\u00fcr das Sozialmanagement der Wohnstadt, betonte den Bildungsaspekt des Lesens. Denn eine gute Bildung sei die Grundlage f\u00fcr ein sp\u00e4teres gutes Leben. Nur wer in seiner Jugend viel lerne, k\u00f6nne sich in Zukunft eine den eigenen Anspr\u00fcchen gen\u00fcgende Wohnung leisten.<\/p>\r\n<p>Den Grundstein hierf\u00fcr k\u00f6nnen Kinder ab sofort, immer dienstags, von 17.30 bis 19 Uhr, auf dem B\u00fccherspielplatz im AWO-Stadtteiltreff Ziehers-Nord legen.<\/p>\r\n<p>Die Presse berichtete von der Er\u00f6ffnungsveranstaltung:<\/p>\r\n<p><a href=\"https:\/\/www.osthessen-zeitung.de\/einzelansicht\/news\/2023\/juli\/neuer-buecherspielplatz-fuer-ziehers-nord-spass-mit-herr-bombelmann.html\">Osthessen-Zeitung<\/a><\/p>\r\n<p><a href=\"https:\/\/osthessen-news.de\/n11747535\/von-klein-auf-ans-lesen-heranfuehren-viele-beteiligt-am-neuen-buecherspielplatz.html\">Osthessen-News<\/a><\/p>\r\n","protected":false},"excerpt":{"rendered":"<p>Lesung mit Autor Wolfgang Lambrecht Was haben eine kleine Hexe, der Mann im Mond und ein fast blinder Maulwurf gemeinsam? Sie alle erleben Alltagsabenteuer mit Herrn Bombelmann, einer Kunstfigur des&hellip;<\/p>\n","protected":false},"author":6,"featured_media":125746,"comment_status":"closed","ping_status":"closed","sticky":false,"template":"","format":"standard","meta":{"_editorskit_title_hidden":false,"_editorskit_reading_time":0,"_editorskit_is_block_options_detached":false,"_editorskit_block_options_position":"{}","footnotes":""},"categories":[86],"tags":[],"class_list":["post-125745","post","type-post","status-publish","format-standard","has-post-thumbnail","hentry","category-presse-berichte","category-86","description-off"],"translation":{"provider":"WPGlobus","version":"3.0.2","language":"en","enabled_languages":["de","en","fr","ru","ar","tr","fa"],"languages":{"de":{"title":true,"content":true,"excerpt":false},"en":{"title":false,"content":false,"excerpt":false},"fr":{"title":false,"content":false,"excerpt":false},"ru":{"title":false,"content":false,"excerpt":false},"ar":{"title":false,"content":false,"excerpt":false},"tr":{"title":false,"content":false,"excerpt":false},"fa":{"title":false,"content":false,"excerpt":false}}},"_links":{"self":[{"href":"https:\/\/awo-fulda.de\/en\/wp-json\/wp\/v2\/posts\/125745","targetHints":{"allow":["GET"]}}],"collection":[{"href":"https:\/\/awo-fulda.de\/en\/wp-json\/wp\/v2\/posts"}],"about":[{"href":"https:\/\/awo-fulda.de\/en\/wp-json\/wp\/v2\/types\/post"}],"author":[{"embeddable":true,"href":"https:\/\/awo-fulda.de\/en\/wp-json\/wp\/v2\/users\/6"}],"replies":[{"embeddable":true,"href":"https:\/\/awo-fulda.de\/en\/wp-json\/wp\/v2\/comments?post=125745"}],"version-history":[{"count":2,"href":"https:\/\/awo-fulda.de\/en\/wp-json\/wp\/v2\/posts\/125745\/revisions"}],"predecessor-version":[{"id":125748,"href":"https:\/\/awo-fulda.de\/en\/wp-json\/wp\/v2\/posts\/125745\/revisions\/125748"}],"wp:featuredmedia":[{"embeddable":true,"href":"https:\/\/awo-fulda.de\/en\/wp-json\/wp\/v2\/media\/125746"}],"wp:attachment":[{"href":"https:\/\/awo-fulda.de\/en\/wp-json\/wp\/v2\/media?parent=125745"}],"wp:term":[{"taxonomy":"category","embeddable":true,"href":"https:\/\/awo-fulda.de\/en\/wp-json\/wp\/v2\/categories?post=125745"},{"taxonomy":"post_tag","embeddable":true,"href":"https:\/\/awo-fulda.de\/en\/wp-json\/wp\/v2\/tags?post=125745"}],"curies":[{"name":"wp","href":"https:\/\/api.w.org\/{rel}","templated":true}]}}