{"id":124828,"date":"2023-06-27T17:23:13","date_gmt":"2023-06-27T15:23:13","guid":{"rendered":"https:\/\/awo-fulda.de\/?p=124828"},"modified":"2023-07-03T17:24:36","modified_gmt":"2023-07-03T15:24:36","slug":"awo-urgestein-mit-fuldaer-rose-geehrt","status":"publish","type":"post","link":"https:\/\/awo-fulda.de\/en\/2023\/06\/27\/awo-urgestein-mit-fuldaer-rose-geehrt\/","title":{"rendered":"AWO Urgestein mit Fuldaer Rose geehrt"},"content":{"rendered":"\n<p><\/p>\n\n\n\n<p><strong>Wir gratulieren unserer Kollegin Adriana Oliveira mit lautem F\u00fc\u00dfetrampeln und Geschrei \u2013 so wie wir es von dem brasilianischen Wirbelwind gelernt haben!<\/strong><\/p>\n\n\n\n<p>Nach vielen Jahren des beruflichen und privaten Engagements wurde sie mit der Fuldaer Rose geehrt. Die SPD \u00fcbergab ihr den Preis beim j\u00e4hrlichen Markt der M\u00f6glichkeiten, wo sich die sozialen Verb\u00e4nde aus Stadt und Landkreis Fulda pr\u00e4sentieren.<\/p>\n\n\n\n<p>Den nachfolgenden Presseartikeln muss man eigentlich nichts mehr hinzuf\u00fcgen \u2013 oder doch? Sicherlich w\u00e4re die Liste ihrer Ideen und Projekte viel zu lang geworden, aber kurzgefasst k\u00f6nnte man sagen: Schauen Sie sich auf unserer Homepage den Bereich \u201eBegegnung und Integration\u201c an, dann k\u00f6nnen Sie ihren Verdienst f\u00fcr die AWO ermessen.<\/p>\n\n\n\n<p>Und wenn Sie noch etwas pers\u00f6nliches von Adriana wissen m\u00f6chten, dann gibt es noch das Interview von Toni Spangenberg anl\u00e4sslich des AWO-Jubil\u00e4ums:<\/p>\n\n\n\n<figure class=\"wp-block-embed is-type-wp-embed is-provider-awo-kreisverband-fulda-e-v wp-block-embed-awo-kreisverband-fulda-e-v\"><div class=\"wp-block-embed__wrapper\">\n<blockquote class=\"wp-embedded-content\" data-secret=\"t3Dewyp5kf\"><a href=\"https:\/\/awo-fulda.de\/2021\/07\/02\/adriana-oliveira-ueber-die-stadtteilarbeit-in-ziehers-sued\/\">Adriana Oliveira \u00fcber die Stadtteilarbeit in Ziehers-S\u00fcd<\/a><\/blockquote><iframe loading=\"lazy\" class=\"wp-embedded-content\" sandbox=\"allow-scripts\" security=\"restricted\" style=\"position: absolute; clip: rect(1px, 1px, 1px, 1px);\" title=\"&#8222;Adriana Oliveira \u00fcber die Stadtteilarbeit in Ziehers-S\u00fcd&#8220; &#8212; AWO Kreisverband Fulda e.V.\" src=\"https:\/\/awo-fulda.de\/2021\/07\/02\/adriana-oliveira-ueber-die-stadtteilarbeit-in-ziehers-sued\/embed\/#?secret=o5WvxT2o6Y#?secret=t3Dewyp5kf\" data-secret=\"t3Dewyp5kf\" width=\"600\" height=\"338\" frameborder=\"0\" marginwidth=\"0\" marginheight=\"0\" scrolling=\"no\"><\/iframe>\n<\/div><\/figure>\n\n\n\n<p><a href=\"https:\/\/www.fuldaerzeitung.de\/fulda\/preis-fuer-soziales-engagement-adriana-oliveira-erhaelt-fuldaer-rose-92362692.html\" class=\"ek-link\">Fuldaer Zeitung<\/a>  <\/p>\n\n\n\n<p><a href=\"https:\/\/osthessen-news.de\/n11746768\/fuldaer-rose-geht-in-diesem-jahr-an-adriana-oliveira.html\" class=\"ek-link\">Osthessen-News <\/a><\/p>\n\n\n\n<p><a href=\"https:\/\/www.osthessen-zeitung.de\/einzelansicht\/news\/2023\/juni\/fuldaer-rose-an-adriana-oliveira-markt-der-moeglichkeiten-steht-an.html\" class=\"ek-link\">Osthessen-Zeitung <\/a><\/p>\n\n\n\n<p><a href=\"https:\/\/www.fuldainfo.de\/fuldaer-rose-geht-in-diesem-jahr-an-die-erzieherin-und-paedagogin-adriana-oliveira\/\" class=\"ek-link\">Fulda Info<\/a><\/p>\n\n\n\n<p><\/p>\n\n\n\n<p>Das nachfolgende Bild zeigt Adriana Oliveira eingerahmt von Sabine Waschke (SPD) und Thomas Bobke (SPD) sowie umgeben von Ehemann-Sohn-Mutter-Tochter und Tante.<\/p>\n\n\n\n<p><\/p>\n\n\n\n<p><\/p>\n\n\n\n<figure class=\"wp-block-gallery has-nested-images columns-default is-cropped wp-block-gallery-1 is-layout-flex wp-block-gallery-is-layout-flex\">\n<figure class=\"wp-block-image size-full\"><img loading=\"lazy\" decoding=\"async\" width=\"1280\" height=\"853\" data-id=\"124833\" src=\"https:\/\/awo-fulda.de\/wp-content\/uploads\/2023\/07\/11746768-2023-06-24-markt-der-moeglichkeiten-spd-52.jpg\" alt=\"\" class=\"wp-image-124833\" srcset=\"https:\/\/awo-fulda.de\/wp-content\/uploads\/2023\/07\/11746768-2023-06-24-markt-der-moeglichkeiten-spd-52.jpg 1280w, https:\/\/awo-fulda.de\/wp-content\/uploads\/2023\/07\/11746768-2023-06-24-markt-der-moeglichkeiten-spd-52-480x320.jpg 480w, https:\/\/awo-fulda.de\/wp-content\/uploads\/2023\/07\/11746768-2023-06-24-markt-der-moeglichkeiten-spd-52-640x427.jpg 640w, https:\/\/awo-fulda.de\/wp-content\/uploads\/2023\/07\/11746768-2023-06-24-markt-der-moeglichkeiten-spd-52-768x512.jpg 768w\" sizes=\"auto, (max-width: 1280px) 100vw, 1280px\" \/><\/figure>\n<\/figure>\n","protected":false},"excerpt":{"rendered":"<p>Wir gratulieren unserer Kollegin Adriana Oliveira mit lautem F\u00fc\u00dfetrampeln und Geschrei \u2013 so wie wir es von dem brasilianischen Wirbelwind gelernt haben! Nach vielen Jahren des beruflichen und privaten Engagements&hellip;<\/p>\n","protected":false},"author":6,"featured_media":124832,"comment_status":"closed","ping_status":"closed","sticky":false,"template":"","format":"standard","meta":{"_editorskit_title_hidden":false,"_editorskit_reading_time":0,"_editorskit_is_block_options_detached":false,"_editorskit_block_options_position":"{}","footnotes":""},"categories":[86],"tags":[],"class_list":["post-124828","post","type-post","status-publish","format-standard","has-post-thumbnail","hentry","category-presse-berichte","category-86","description-off"],"translation":{"provider":"WPGlobus","version":"3.0.2","language":"en","enabled_languages":["de","en","fr","ru","ar","tr","fa"],"languages":{"de":{"title":true,"content":true,"excerpt":false},"en":{"title":false,"content":false,"excerpt":false},"fr":{"title":false,"content":false,"excerpt":false},"ru":{"title":false,"content":false,"excerpt":false},"ar":{"title":false,"content":false,"excerpt":false},"tr":{"title":false,"content":false,"excerpt":false},"fa":{"title":false,"content":false,"excerpt":false}}},"_links":{"self":[{"href":"https:\/\/awo-fulda.de\/en\/wp-json\/wp\/v2\/posts\/124828","targetHints":{"allow":["GET"]}}],"collection":[{"href":"https:\/\/awo-fulda.de\/en\/wp-json\/wp\/v2\/posts"}],"about":[{"href":"https:\/\/awo-fulda.de\/en\/wp-json\/wp\/v2\/types\/post"}],"author":[{"embeddable":true,"href":"https:\/\/awo-fulda.de\/en\/wp-json\/wp\/v2\/users\/6"}],"replies":[{"embeddable":true,"href":"https:\/\/awo-fulda.de\/en\/wp-json\/wp\/v2\/comments?post=124828"}],"version-history":[{"count":3,"href":"https:\/\/awo-fulda.de\/en\/wp-json\/wp\/v2\/posts\/124828\/revisions"}],"predecessor-version":[{"id":124834,"href":"https:\/\/awo-fulda.de\/en\/wp-json\/wp\/v2\/posts\/124828\/revisions\/124834"}],"wp:featuredmedia":[{"embeddable":true,"href":"https:\/\/awo-fulda.de\/en\/wp-json\/wp\/v2\/media\/124832"}],"wp:attachment":[{"href":"https:\/\/awo-fulda.de\/en\/wp-json\/wp\/v2\/media?parent=124828"}],"wp:term":[{"taxonomy":"category","embeddable":true,"href":"https:\/\/awo-fulda.de\/en\/wp-json\/wp\/v2\/categories?post=124828"},{"taxonomy":"post_tag","embeddable":true,"href":"https:\/\/awo-fulda.de\/en\/wp-json\/wp\/v2\/tags?post=124828"}],"curies":[{"name":"wp","href":"https:\/\/api.w.org\/{rel}","templated":true}]}}