{"id":124578,"date":"2023-06-26T14:54:59","date_gmt":"2023-06-26T12:54:59","guid":{"rendered":"https:\/\/awo-fulda.de\/?p=124578"},"modified":"2023-06-26T14:55:03","modified_gmt":"2023-06-26T12:55:03","slug":"stadtteilfest-ziehers-sued-01-07","status":"publish","type":"post","link":"https:\/\/awo-fulda.de\/en\/2023\/06\/26\/stadtteilfest-ziehers-sued-01-07\/","title":{"rendered":"Stadtteilfest Ziehers-S\u00fcd (01.07.)"},"content":{"rendered":"\n<p>Bei unseren Kolleg:innen vom B\u00fcrgerzentrum Ziehers-S\u00fcd findet am <strong>01.07.2023<\/strong> von <strong>12:00 bis 17:00 Uhr<\/strong> das Stadtteilfest mit zahlreichen Spiel- und Bastelaktionen, Informationsst\u00e4nden, der M\u00f6glichkeit von Rikscha-Fahrten, einer H\u00fcpfburg f\u00fcr Kinder, einem Flohmarkt und nicht zuletzt einem umfangreichen B\u00fchnenprogramm statt. F\u00fcr das leibliche Wohl ist durch ein k\u00f6stliches internationales Buffet gesorgt.<\/p>\n","protected":false},"excerpt":{"rendered":"<p>Bei unseren Kolleg:innen vom B\u00fcrgerzentrum Ziehers-S\u00fcd findet am 01.07.2023 von 12:00 bis 17:00 Uhr das Stadtteilfest mit zahlreichen Spiel- und Bastelaktionen, Informationsst\u00e4nden, der M\u00f6glichkeit von Rikscha-Fahrten, einer H\u00fcpfburg f\u00fcr Kinder,&hellip;<\/p>\n","protected":false},"author":55,"featured_media":124580,"comment_status":"closed","ping_status":"closed","sticky":false,"template":"","format":"standard","meta":{"_editorskit_title_hidden":false,"_editorskit_reading_time":0,"_editorskit_is_block_options_detached":false,"_editorskit_block_options_position":"{}","footnotes":""},"categories":[1],"tags":[],"class_list":["post-124578","post","type-post","status-publish","format-standard","has-post-thumbnail","hentry","category-allgemein","category-1","description-off"],"translation":{"provider":"WPGlobus","version":"3.0.2","language":"en","enabled_languages":["de","en","fr","ru","ar","tr","fa"],"languages":{"de":{"title":true,"content":true,"excerpt":false},"en":{"title":false,"content":false,"excerpt":false},"fr":{"title":false,"content":false,"excerpt":false},"ru":{"title":false,"content":false,"excerpt":false},"ar":{"title":false,"content":false,"excerpt":false},"tr":{"title":false,"content":false,"excerpt":false},"fa":{"title":false,"content":false,"excerpt":false}}},"_links":{"self":[{"href":"https:\/\/awo-fulda.de\/en\/wp-json\/wp\/v2\/posts\/124578","targetHints":{"allow":["GET"]}}],"collection":[{"href":"https:\/\/awo-fulda.de\/en\/wp-json\/wp\/v2\/posts"}],"about":[{"href":"https:\/\/awo-fulda.de\/en\/wp-json\/wp\/v2\/types\/post"}],"author":[{"embeddable":true,"href":"https:\/\/awo-fulda.de\/en\/wp-json\/wp\/v2\/users\/55"}],"replies":[{"embeddable":true,"href":"https:\/\/awo-fulda.de\/en\/wp-json\/wp\/v2\/comments?post=124578"}],"version-history":[{"count":1,"href":"https:\/\/awo-fulda.de\/en\/wp-json\/wp\/v2\/posts\/124578\/revisions"}],"predecessor-version":[{"id":124581,"href":"https:\/\/awo-fulda.de\/en\/wp-json\/wp\/v2\/posts\/124578\/revisions\/124581"}],"wp:featuredmedia":[{"embeddable":true,"href":"https:\/\/awo-fulda.de\/en\/wp-json\/wp\/v2\/media\/124580"}],"wp:attachment":[{"href":"https:\/\/awo-fulda.de\/en\/wp-json\/wp\/v2\/media?parent=124578"}],"wp:term":[{"taxonomy":"category","embeddable":true,"href":"https:\/\/awo-fulda.de\/en\/wp-json\/wp\/v2\/categories?post=124578"},{"taxonomy":"post_tag","embeddable":true,"href":"https:\/\/awo-fulda.de\/en\/wp-json\/wp\/v2\/tags?post=124578"}],"curies":[{"name":"wp","href":"https:\/\/api.w.org\/{rel}","templated":true}]}}