{"id":104741,"date":"2022-03-03T13:59:53","date_gmt":"2022-03-03T12:59:53","guid":{"rendered":"https:\/\/awo-fulda.de\/?p=104741"},"modified":"2022-03-07T17:06:36","modified_gmt":"2022-03-07T16:06:36","slug":"hilfe-fuer-die-menschen-in-der-ukraine","status":"publish","type":"post","link":"https:\/\/awo-fulda.de\/en\/2022\/03\/03\/hilfe-fuer-die-menschen-in-der-ukraine\/","title":{"rendered":"Nothilfe Ukraine &#8211; Fest der Solidarit\u00e4t am 12.3. in Fulda"},"content":{"rendered":"<p><span style=\"color: #b90000;\"><strong>Unsere Solidarit\u00e4t gilt den Kindern, Frauen und M\u00e4nnern in der Ukraine!<\/strong><\/span><\/p>\n<p>Wir sind tief best\u00fcrzt \u00fcber die eskalierende Gewalt und Kriegshandlungen in der Ukraine und die absehbaren verheerenden humanit\u00e4ren Folgen. Im Rahmen der Hilfe von Mensch zu Mensch organisieren einige Kolleg:innen zusammen mit Bekannten und Verwandten kleine Transporte von Hilfsg\u00fctern und Medikamenten konkret zu Leuten mit denen sie Kontakt haben.<\/p>\n<p>____________________________________________________________<\/p>\n<p><span class=\"lp_is_start\"><span style=\"font-family: arial black, sans-serif; font-size: 16px;\"><strong>Fest der Solidarit\u00e4t auf dem Universit\u00e4tsplatz geplant<\/strong> &#8211; auch der AWO Kreisverband Fulda ist mit dabei!<\/span><\/span><\/p>\n<h3><span class=\"lp_is_start\">Am Samstag, 12. M\u00e4rz 2022<br \/>\nplant der Verein Fulda-stellt-sich-quer ab 10 Uhr ein \u201eFest der Solidarit\u00e4t\u201c<br \/>\n<\/span><span class=\"lp_is_start\">auf dem Universit\u00e4tsplatz in Fulda. <\/span><\/h3>\n<p><span class=\"lp_is_start\">\u201eDer Krieg hat uns geschockt, aber nicht tatenlos gemacht. Auf der ganzen Welt, in Deutschland und in Fulda sind die Menschen aus Solidarit\u00e4t mit der Ukraine auf die Stra\u00dfe gegangen. Wir fordern: Stoppt den Krieg! Nun wollen wir mit vielen Organisationen mit einem Fest der Solidarit\u00e4t ein weiteres Signal aus Fulda senden. Der Erl\u00f6s des Festes wird der Ukraine-Hilfe am Aschenberg f\u00fcr den Kauf von Lebensmitteln und Medikamenten zur Verf\u00fcgung gestellt\u201c, sagte der Vereinsvorsitzende Andreas Goerke. <\/span><\/p>\n<p><span class=\"lp_is_start\">Auf dem Fest wird es nicht nur Informationen dar\u00fcber geben, wer wo wie was in Fulda tun kann bzw. wo Antr\u00e4ge etc. zu stellen sind. Es wird auch durchaus vergn\u00fcglich, denn im Angebot sind<strong> Spezialit\u00e4ten aus der Ukraine<\/strong> , <strong>Grillw\u00fcrstchen sowie Kaffee und Kuchen.\u00a0<\/strong>Die AWO plant eine Bastelaktion &#8220;<strong>Friedenstauben<\/strong>&#8221; und kommt mit <strong>Nistk\u00e4sten und Osterhasen<\/strong> aus der Holzwerkstatt. Au\u00dferdem k\u00f6nnen <strong>Second-Hand-B\u00fccher und Sammeltassen<\/strong> gegen Spende erworben werden. <\/span><\/p>\n<p><span class=\"lp_is_start\">Ab 14 Uhr gibt es dann eine Solidarit\u00e4tskundgebung mit Berichten von Menschen aus der Ukraine. Weitere St\u00e4nde sind herzlich willkommen.<\/span><\/p>\n<p>\u201eDieser Krieg in Europa, in der Ukraine bringt nichts als Leid, Tod und Vertreibung. Deshalb ist es wichtig, dass wir zusammenstehen und die Menschen in der Ukraine unterst\u00fctzen. Wir sind f\u00fcr jede Spende und jede Hilfe dankbar\u201c, so Andreas Goerke. Wer auf dem Fest der Solidarit\u00e4t helfen m\u00f6chte, kann sich an kontakt@fulda-stellt-sich-quer.de wenden.<\/p>\n<p>_____________________________________________________________<\/p>\n<p>Die deutschlandweite Organisation der Nothilfe hat AWO INTERNATIONAL \u00fcbernommen. N\u00e4here Infos \u00fcber die M\u00f6glichkeiten der Hilfe finden Sie auf deren <a href=\"https:\/\/www.awointernational.de\/de\/unsere-arbeit\/aktuelles\/2022\/nothilfe-ukraine\/\">Homepageseite<\/a>.<\/p>\n<p><span style=\"color: #b90000;\">Wenn Sie mit einer Spende unterst\u00fctzen wollen, geht das auch <strong><a style=\"color: #b90000;\" href=\"https:\/\/www.awointernational.de\/de\/spenden-helfen\/online-spenden\/\">online<\/a><\/strong>.<\/span><\/p>\n<p><strong>Spendenkonto:\u00a0 AWO International<\/strong><br \/>\n<strong>IBAN: DE83 1002 0500 0003 2211 00<\/strong><br \/>\n<strong>Bank f\u00fcr Sozialwirtschaft\u00a0<\/strong><br \/>\n<strong>Spenden-Stichwort: Nothilfe Ukraine\u00a0<\/strong><\/p>\n<p><strong>Aktion Deutschland Hilft<\/strong><br \/>\n<strong>Spendenkonto: IBAN DE62 3702 0500 0000 1020 30<\/strong><br \/>\n<strong>Spenden-Stichwort: Nothilfe Ukraine<\/strong><\/p>\n<p>#Solidarit\u00e4t #standwithukraine #Humanit\u00e4reHilfe #stopthewar<\/p>\n<p>_______________________________________________________________<\/p>\n<p>Fotorechte: AWO International \/ Silent GOS<\/p>\n","protected":false},"excerpt":{"rendered":"<p>Unsere Solidarit\u00e4t gilt den Kindern, Frauen und M\u00e4nnern in der Ukraine! Wir sind tief best\u00fcrzt \u00fcber die eskalierende Gewalt und Kriegshandlungen in der Ukraine und die absehbaren verheerenden humanit\u00e4ren Folgen.&hellip;<\/p>\n","protected":false},"author":6,"featured_media":104742,"comment_status":"closed","ping_status":"closed","sticky":true,"template":"","format":"standard","meta":{"_editorskit_title_hidden":false,"_editorskit_reading_time":0,"_editorskit_is_block_options_detached":false,"_editorskit_block_options_position":"{}","footnotes":""},"categories":[86],"tags":[],"class_list":["post-104741","post","type-post","status-publish","format-standard","has-post-thumbnail","hentry","category-presse-berichte","category-86","description-off"],"translation":{"provider":"WPGlobus","version":"3.0.2","language":"en","enabled_languages":["de","en","fr","ru","ar","tr","fa"],"languages":{"de":{"title":true,"content":true,"excerpt":false},"en":{"title":false,"content":false,"excerpt":false},"fr":{"title":false,"content":false,"excerpt":false},"ru":{"title":false,"content":false,"excerpt":false},"ar":{"title":false,"content":false,"excerpt":false},"tr":{"title":false,"content":false,"excerpt":false},"fa":{"title":false,"content":false,"excerpt":false}}},"_links":{"self":[{"href":"https:\/\/awo-fulda.de\/en\/wp-json\/wp\/v2\/posts\/104741","targetHints":{"allow":["GET"]}}],"collection":[{"href":"https:\/\/awo-fulda.de\/en\/wp-json\/wp\/v2\/posts"}],"about":[{"href":"https:\/\/awo-fulda.de\/en\/wp-json\/wp\/v2\/types\/post"}],"author":[{"embeddable":true,"href":"https:\/\/awo-fulda.de\/en\/wp-json\/wp\/v2\/users\/6"}],"replies":[{"embeddable":true,"href":"https:\/\/awo-fulda.de\/en\/wp-json\/wp\/v2\/comments?post=104741"}],"version-history":[{"count":5,"href":"https:\/\/awo-fulda.de\/en\/wp-json\/wp\/v2\/posts\/104741\/revisions"}],"predecessor-version":[{"id":105460,"href":"https:\/\/awo-fulda.de\/en\/wp-json\/wp\/v2\/posts\/104741\/revisions\/105460"}],"wp:featuredmedia":[{"embeddable":true,"href":"https:\/\/awo-fulda.de\/en\/wp-json\/wp\/v2\/media\/104742"}],"wp:attachment":[{"href":"https:\/\/awo-fulda.de\/en\/wp-json\/wp\/v2\/media?parent=104741"}],"wp:term":[{"taxonomy":"category","embeddable":true,"href":"https:\/\/awo-fulda.de\/en\/wp-json\/wp\/v2\/categories?post=104741"},{"taxonomy":"post_tag","embeddable":true,"href":"https:\/\/awo-fulda.de\/en\/wp-json\/wp\/v2\/tags?post=104741"}],"curies":[{"name":"wp","href":"https:\/\/api.w.org\/{rel}","templated":true}]}}