{"id":144456,"date":"2025-08-15T13:24:59","date_gmt":"2025-08-15T11:24:59","guid":{"rendered":"https:\/\/awo-fulda.de\/?p=144456"},"modified":"2026-01-21T13:29:48","modified_gmt":"2026-01-21T12:29:48","slug":"hochbeetaktion","status":"publish","type":"post","link":"https:\/\/awo-fulda.de\/ar\/2025\/08\/15\/hochbeetaktion\/","title":{"rendered":"Hochbeetaktion"},"content":{"rendered":"\n<p data-start=\"30\" data-end=\"196\">Ende November haben Studierende der <span class=\"hover:entity-accent entity-underline inline cursor-pointer align-baseline\"><span class=\"whitespace-normal\">Hochschule Fulda<\/span><\/span> gemeinsam mit den M\u00e4nnern aus dem <span class=\"hover:entity-accent entity-underline inline cursor-pointer align-baseline\"><span class=\"whitespace-normal\">AWO-Projekt Take off men<\/span><\/span> ein Hochbeet gebaut.<\/p>\n<p data-start=\"198\" data-end=\"390\">Schon bald wird es seinen Platz im neuen <span class=\"hover:entity-accent entity-underline inline cursor-pointer align-baseline\"><span class=\"whitespace-normal\">AWO-Stadtteilgarten<\/span><\/span> finden \u2013 zuvor wird es jedoch noch bunt gestaltet von den Kindern der <span class=\"hover:entity-accent entity-underline inline cursor-pointer align-baseline\"><span class=\"whitespace-normal\">Kindertagesst\u00e4tte St. Sturmius<\/span><\/span>. \ud83c\udfa8\ud83c\udf3c<\/p>\n<p data-start=\"392\" data-end=\"515\" data-is-last-node=\"\" data-is-only-node=\"\">Ein sch\u00f6nes Beispiel f\u00fcr gelebte Nachhaltigkeit, generations\u00fcbergreifende Zusammenarbeit und gemeinschaftliches Engagement.<\/p>\n\n\n","protected":false},"excerpt":{"rendered":"<p>Ende November haben Studierende der Hochschule Fulda gemeinsam mit den M\u00e4nnern aus dem AWO-Projekt Take off men ein Hochbeet gebaut. Schon bald wird es seinen Platz im neuen AWO-Stadtteilgarten finden&hellip;<\/p>\n","protected":false},"author":55,"featured_media":144457,"comment_status":"closed","ping_status":"closed","sticky":false,"template":"","format":"standard","meta":{"_editorskit_title_hidden":false,"_editorskit_reading_time":0,"_editorskit_is_block_options_detached":false,"_editorskit_block_options_position":"{}","footnotes":""},"categories":[86,389],"tags":[],"class_list":["post-144456","post","type-post","status-publish","format-standard","has-post-thumbnail","hentry","category-presse-berichte","category-take-off-men","category-86","category-389","description-off"],"translation":{"provider":"WPGlobus","version":"3.0.2","language":"ar","enabled_languages":["de","en","fr","ru","ar","tr","fa"],"languages":{"de":{"title":true,"content":true,"excerpt":false},"en":{"title":false,"content":false,"excerpt":false},"fr":{"title":false,"content":false,"excerpt":false},"ru":{"title":false,"content":false,"excerpt":false},"ar":{"title":false,"content":false,"excerpt":false},"tr":{"title":false,"content":false,"excerpt":false},"fa":{"title":false,"content":false,"excerpt":false}}},"_links":{"self":[{"href":"https:\/\/awo-fulda.de\/ar\/wp-json\/wp\/v2\/posts\/144456","targetHints":{"allow":["GET"]}}],"collection":[{"href":"https:\/\/awo-fulda.de\/ar\/wp-json\/wp\/v2\/posts"}],"about":[{"href":"https:\/\/awo-fulda.de\/ar\/wp-json\/wp\/v2\/types\/post"}],"author":[{"embeddable":true,"href":"https:\/\/awo-fulda.de\/ar\/wp-json\/wp\/v2\/users\/55"}],"replies":[{"embeddable":true,"href":"https:\/\/awo-fulda.de\/ar\/wp-json\/wp\/v2\/comments?post=144456"}],"version-history":[{"count":1,"href":"https:\/\/awo-fulda.de\/ar\/wp-json\/wp\/v2\/posts\/144456\/revisions"}],"predecessor-version":[{"id":144458,"href":"https:\/\/awo-fulda.de\/ar\/wp-json\/wp\/v2\/posts\/144456\/revisions\/144458"}],"wp:featuredmedia":[{"embeddable":true,"href":"https:\/\/awo-fulda.de\/ar\/wp-json\/wp\/v2\/media\/144457"}],"wp:attachment":[{"href":"https:\/\/awo-fulda.de\/ar\/wp-json\/wp\/v2\/media?parent=144456"}],"wp:term":[{"taxonomy":"category","embeddable":true,"href":"https:\/\/awo-fulda.de\/ar\/wp-json\/wp\/v2\/categories?post=144456"},{"taxonomy":"post_tag","embeddable":true,"href":"https:\/\/awo-fulda.de\/ar\/wp-json\/wp\/v2\/tags?post=144456"}],"curies":[{"name":"wp","href":"https:\/\/api.w.org\/{rel}","templated":true}]}}