{"id":139734,"date":"2025-04-29T12:35:04","date_gmt":"2025-04-29T10:35:04","guid":{"rendered":"https:\/\/awo-fulda.de\/?p=139734"},"modified":"2025-04-29T12:38:59","modified_gmt":"2025-04-29T10:38:59","slug":"gwh-engagiert-sich-fuer-sauberkeitsprojekt-der-awo-in-fulda","status":"publish","type":"post","link":"https:\/\/awo-fulda.de\/ar\/2025\/04\/29\/gwh-engagiert-sich-fuer-sauberkeitsprojekt-der-awo-in-fulda\/","title":{"rendered":"GWH engagiert sich f\u00fcr Sauberkeitsprojekt der AWO in Fulda"},"content":{"rendered":"\n<p>Die GWH Wohnungsgesellschaft mbH Hessen unterst\u00fctzt auch in diesem Jahr mit einer Spende in H\u00f6he von 2200,00 \u20ac das Sauberkeitsprojekt der AWO des Kreisverbandes Fulda e.V.. Linda Kalb-M\u00fcller (Bereichsleitung Begegnungsorte), Antonia Hohmann (Standortleitung) und Jan-Christoph Hellwig (Dualstudierender) nahmen die Spende entgegen.<\/p>\n<p>Das Projekt Abenteuer Umweltschutz ist angegliedert an die Gemeinwesenarbeit des Schwerpunkt-Stadtteils Ziehers-S\u00fcd in Fulda. Die Gemeinwesenarbeit hat zum Ziel die Handlungsf\u00e4higkeit der Bewohner*innen von Stadtteilen mit besonderen Herausforderungen zu st\u00e4rken und die Bewohner*innen zu vernetzen um die Vorbehalte der Menschen untereinander abzubauen. Au\u00dferdem ist das B\u00fcrgerzentrum Ziehers-S\u00fcd als Stadtteiltreff ein Ort an dem Menschen verschiedener Lebenshintergr\u00fcnde zusammenkommen k\u00f6nnen. Es stehen verschiedene Gruppen- und Beratungsangebote zur Verf\u00fcgung in denen die Bewohner*innen Unterst\u00fctzung zu verschiedenen Themen erhalten k\u00f6nnen. Eines der Angebote f\u00fcr Kinder ist das Projekt \u201eAbenteuer Umweltschutz\u201c.<\/p>\n<p>Das Projekt \u201eAbenteuer Umweltschutz\u201c findet immer dienstags von 16:30-17:30 Uhr im B\u00fcrgerzentrum Ziehers-S\u00fcd statt. Zwei \u00dcbungsleiterinnen gestalten jede Woche mit Kindern aus dem Stadtteil gemeinsam den Nachmittag. Regelm\u00e4\u00dfig nehmen ca. 10 Kinder verschiedener kultureller Hintergr\u00fcnde sowie verschiedenen Alters aus dem Stadtteil Ziehers-S\u00fcd an dem Projekt teil. Rund 10 der 15 angemeldeten Kinder wohnen in Wohnungen der GWH. Neben gemeinsamen Bastel- und Spielaktionen finden in regelm\u00e4\u00dfigen Abst\u00e4nden auch gemeinsame M\u00fcllsammelaktionen im Stadtteil statt, an denen sich das Projekt Abenteuer Umweltschutz beteiligt hat. \u201eEin wichtiger Bestandteil unseres Projektes sind unter anderem die vielen Bastelaktionen mit den recycelten Materialien um den Kindern das Thema Nachhaltigkeit n\u00e4her zu bringen!, so Antonia Hohmann bei der Spenden\u00fcbergabe.<\/p>\n<p>Mit der diesj\u00e4hrigen Spende unterst\u00fctzt die GWH die Finanzierung der \u00dcbungsleiterinnen Iryna Schmidt und Hannah D\u00f6ll. Durch die \u00dcbungsleiterinnen k\u00f6nnen die Kinder unter p\u00e4dagogischer Anleitung f\u00fcr die Themen Umweltschutz und Sauberkeit im Stadtteil sensibilisiert werden.<\/p>\n<p>Die GWH Wohnungsgesellschaft mbH Hessen ist eine Tochtergesellschaft der GWH Immobilien Holding GmbH und wohnungswirtschaftliches Kompetenzzentrum der Landesbank Hessen-Th\u00fcringen (Helaba). Die GWH-Gruppe bewirtschaftet rund 50.000 Wohnungen zumeist in Hessen. Kernstandorte des Unternehmens sind die wachstumsstarken Kernregionen Rhein-Main, Rheinland, Rhein-Neckar und die prosperierenden Oberzentren in Nord- und Mittelhessen. Das Unternehmen engagiert sich zudem auch in Th\u00fcringen, Sachsen und Niedersachsen.<\/p>\n<p><img loading=\"lazy\" decoding=\"async\" src=\"https:\/\/awo-fulda.de\/wp-content\/uploads\/2025\/04\/GWH.png\" alt=\"\" width=\"1000\" height=\"660\" \/><\/p>\n\n\n\n<p><strong>v.l.n.r. Jan-Christoph Hellwig, Antonia Hohmann, Iryna Schmidt (\u00dcL), Hannah D\u00f6ll (\u00dcL), Laura Kollmann (GWH), Pierre B\u00f6ttcher (GWH), Linda Kalb-M\u00fcller, Henry J\u00e4ger (GWH).<\/strong><\/p>\n","protected":false},"excerpt":{"rendered":"<p>Die GWH Wohnungsgesellschaft mbH Hessen unterst\u00fctzt auch in diesem Jahr mit einer Spende in H\u00f6he von 2200,00 \u20ac das Sauberkeitsprojekt der AWO des Kreisverbandes Fulda e.V.. Linda Kalb-M\u00fcller (Bereichsleitung Begegnungsorte),&hellip;<\/p>\n","protected":false},"author":55,"featured_media":139735,"comment_status":"closed","ping_status":"closed","sticky":false,"template":"","format":"standard","meta":{"_editorskit_title_hidden":false,"_editorskit_reading_time":0,"_editorskit_is_block_options_detached":false,"_editorskit_block_options_position":"{}","footnotes":""},"categories":[1],"tags":[],"class_list":["post-139734","post","type-post","status-publish","format-standard","has-post-thumbnail","hentry","category-allgemein","category-1","description-off"],"translation":{"provider":"WPGlobus","version":"3.0.2","language":"ar","enabled_languages":["de","en","fr","ru","ar","tr","fa"],"languages":{"de":{"title":true,"content":true,"excerpt":false},"en":{"title":false,"content":false,"excerpt":false},"fr":{"title":false,"content":false,"excerpt":false},"ru":{"title":false,"content":false,"excerpt":false},"ar":{"title":false,"content":false,"excerpt":false},"tr":{"title":false,"content":false,"excerpt":false},"fa":{"title":false,"content":false,"excerpt":false}}},"_links":{"self":[{"href":"https:\/\/awo-fulda.de\/ar\/wp-json\/wp\/v2\/posts\/139734","targetHints":{"allow":["GET"]}}],"collection":[{"href":"https:\/\/awo-fulda.de\/ar\/wp-json\/wp\/v2\/posts"}],"about":[{"href":"https:\/\/awo-fulda.de\/ar\/wp-json\/wp\/v2\/types\/post"}],"author":[{"embeddable":true,"href":"https:\/\/awo-fulda.de\/ar\/wp-json\/wp\/v2\/users\/55"}],"replies":[{"embeddable":true,"href":"https:\/\/awo-fulda.de\/ar\/wp-json\/wp\/v2\/comments?post=139734"}],"version-history":[{"count":2,"href":"https:\/\/awo-fulda.de\/ar\/wp-json\/wp\/v2\/posts\/139734\/revisions"}],"predecessor-version":[{"id":139738,"href":"https:\/\/awo-fulda.de\/ar\/wp-json\/wp\/v2\/posts\/139734\/revisions\/139738"}],"wp:featuredmedia":[{"embeddable":true,"href":"https:\/\/awo-fulda.de\/ar\/wp-json\/wp\/v2\/media\/139735"}],"wp:attachment":[{"href":"https:\/\/awo-fulda.de\/ar\/wp-json\/wp\/v2\/media?parent=139734"}],"wp:term":[{"taxonomy":"category","embeddable":true,"href":"https:\/\/awo-fulda.de\/ar\/wp-json\/wp\/v2\/categories?post=139734"},{"taxonomy":"post_tag","embeddable":true,"href":"https:\/\/awo-fulda.de\/ar\/wp-json\/wp\/v2\/tags?post=139734"}],"curies":[{"name":"wp","href":"https:\/\/api.w.org\/{rel}","templated":true}]}}