{"id":139626,"date":"2025-04-02T12:55:01","date_gmt":"2025-04-02T10:55:01","guid":{"rendered":"https:\/\/awo-fulda.de\/?p=139626"},"modified":"2025-04-02T12:55:06","modified_gmt":"2025-04-02T10:55:06","slug":"vom-kinderrad-bis-zum-neuwertigen-mountainbike-erfolgreicher-awo-fahrradbasar-2","status":"publish","type":"post","link":"https:\/\/awo-fulda.de\/ar\/2025\/04\/02\/vom-kinderrad-bis-zum-neuwertigen-mountainbike-erfolgreicher-awo-fahrradbasar-2\/","title":{"rendered":"Vom Kinderrad bis zum neuwertigen Mountainbike \u2013 erfolgreicher AWO Fahrradbasar!"},"content":{"rendered":"\n<p>Am vergangenen Samstag, den 29.03.2025 war es wieder so weit: Der AWO-Fahrradbasar! Die Hochschule Fulda verwandelte sich f\u00fcr ein paar Stunden in ein Zweirad-Paradies. <br \/><br \/>Rechtzeitig zum Start der Fahrradsaison veranstaltete das Besch\u00e4ftigungsprojekt \u201eLohn &amp; Brot\u201d des AWO Kreisverbands Fulda seinen traditionellen Fuldaer Fahrradbasar. Was vor 25 Jahren als kleine Initiative aus dem AWO Besch\u00e4ftigungsprojekt begonnen wurde, ist heute ein \u00fcber die Stadt und den Landkreis Fulda hinaus bekanntes Event. F\u00fcr jeden war etwas dabei \u2013 gerade auch f\u00fcr Menschen, die bei einem Kauf auf jeden Euro achten m\u00fcssen.<br \/><br \/>Schon vor dem offiziellen Start herrschte ein reges Treiben. Verkaufswillige luden ihre Fahrr\u00e4der von den Autos, w\u00e4hrend Kaufinteressierte bereits Spalier standen und die Fahrr\u00e4der be\u00e4ugten. So vielf\u00e4ltig wie das Angebot &#8211; vom Dreirad bis hin zum sportlichen Rennrad &#8211; war auch die Kundschaft. Von Grundschulkindern in Vorbereitung auf die anstehende Fahrradpr\u00fcfung bis hin zu r\u00fcstigen Senioren, die mit dem Zweirad in der Freizeit die Umgebung erkunden wollen, waren auch alle Altersklassen vertreten.<br \/><br \/>Das Team vom Besch\u00e4ftigungsprojekt \u201cLohn &amp; Brot\u201d, das sich auch ganzj\u00e4hrig um die Aufarbeitung gebrauchter Fahrr\u00e4der k\u00fcmmert und daher fachlich versiert ist, k\u00fcmmerte sich um die gesamte Organisation. Der gesamte Erl\u00f6s flie\u00dft in das Projekt und unterst\u00fctzt die Jugendarbeit der AWO. Am Samstagnachmittag stand dann fest: 53 Prozent der angelieferten Fahrr\u00e4der wurden verkauft. Und weil das Event wieder so erfolgreich war, steht schon heute fest, dass es auch im n\u00e4chsten Jahr kurz vor Ostern den AWO-Fahrradbasar an der Hochschule Fulda geben wird.<\/p>\n<p>\u00a0<\/p>\n<p><strong>Wer dieses Jahr den Fahrradbasar verpasst hat und nicht noch ein Jahr warten m\u00f6chte, um sich ein neues Rad zuzulegen, kann gerne auch einmal bei unserer Fahrradwerkstatt vorbeischauen. Die AWO-Fahrradwerkstatt ist mittwochs von 08:30 bis 13:30 ge\u00f6ffnet. Der Verkauf von R\u00e4dern, die Abholung von reparierten R\u00e4dern sowie die Abgabe von gut erhaltenen Spendenr\u00e4dern sind dar\u00fcber hinaus nach vorheriger telefonischer Vereinbarung unter 0661 480045-42 m\u00f6glich.<\/strong><\/p>\n","protected":false},"excerpt":{"rendered":"<p>Am vergangenen Samstag, den 29.03.2025 war es wieder so weit: Der AWO-Fahrradbasar! Die Hochschule Fulda verwandelte sich f\u00fcr ein paar Stunden in ein Zweirad-Paradies. Rechtzeitig zum Start der Fahrradsaison veranstaltete&hellip;<\/p>\n","protected":false},"author":55,"featured_media":139627,"comment_status":"closed","ping_status":"closed","sticky":false,"template":"","format":"standard","meta":{"_editorskit_title_hidden":false,"_editorskit_reading_time":0,"_editorskit_is_block_options_detached":false,"_editorskit_block_options_position":"{}","footnotes":""},"categories":[86,1],"tags":[],"class_list":["post-139626","post","type-post","status-publish","format-standard","has-post-thumbnail","hentry","category-presse-berichte","category-allgemein","category-86","category-1","description-off"],"translation":{"provider":"WPGlobus","version":"3.0.2","language":"ar","enabled_languages":["de","en","fr","ru","ar","tr","fa"],"languages":{"de":{"title":true,"content":true,"excerpt":false},"en":{"title":false,"content":false,"excerpt":false},"fr":{"title":false,"content":false,"excerpt":false},"ru":{"title":false,"content":false,"excerpt":false},"ar":{"title":false,"content":false,"excerpt":false},"tr":{"title":false,"content":false,"excerpt":false},"fa":{"title":false,"content":false,"excerpt":false}}},"_links":{"self":[{"href":"https:\/\/awo-fulda.de\/ar\/wp-json\/wp\/v2\/posts\/139626","targetHints":{"allow":["GET"]}}],"collection":[{"href":"https:\/\/awo-fulda.de\/ar\/wp-json\/wp\/v2\/posts"}],"about":[{"href":"https:\/\/awo-fulda.de\/ar\/wp-json\/wp\/v2\/types\/post"}],"author":[{"embeddable":true,"href":"https:\/\/awo-fulda.de\/ar\/wp-json\/wp\/v2\/users\/55"}],"replies":[{"embeddable":true,"href":"https:\/\/awo-fulda.de\/ar\/wp-json\/wp\/v2\/comments?post=139626"}],"version-history":[{"count":1,"href":"https:\/\/awo-fulda.de\/ar\/wp-json\/wp\/v2\/posts\/139626\/revisions"}],"predecessor-version":[{"id":139628,"href":"https:\/\/awo-fulda.de\/ar\/wp-json\/wp\/v2\/posts\/139626\/revisions\/139628"}],"wp:featuredmedia":[{"embeddable":true,"href":"https:\/\/awo-fulda.de\/ar\/wp-json\/wp\/v2\/media\/139627"}],"wp:attachment":[{"href":"https:\/\/awo-fulda.de\/ar\/wp-json\/wp\/v2\/media?parent=139626"}],"wp:term":[{"taxonomy":"category","embeddable":true,"href":"https:\/\/awo-fulda.de\/ar\/wp-json\/wp\/v2\/categories?post=139626"},{"taxonomy":"post_tag","embeddable":true,"href":"https:\/\/awo-fulda.de\/ar\/wp-json\/wp\/v2\/tags?post=139626"}],"curies":[{"name":"wp","href":"https:\/\/api.w.org\/{rel}","templated":true}]}}